{"id":132642,"date":"2026-01-11T21:13:10","date_gmt":"2026-01-11T21:13:10","guid":{"rendered":"https:\/\/www.europesays.com\/se\/132642\/"},"modified":"2026-01-11T21:13:10","modified_gmt":"2026-01-11T21:13:10","slug":"11-januari-21-29-farligt-foremal-misstankt-malmo","status":"publish","type":"post","link":"https:\/\/www.europesays.com\/se\/132642\/","title":{"rendered":"11 januari 21.29, Farligt f\u00f6rem\u00e5l, misst\u00e4nkt, Malm\u00f6"},"content":{"rendered":"<p class=\"preamble\">&#13;<br \/>\n            Polis larmas till Bunkeflostrand d\u00e4r ett misst\u00e4nkt farligt f\u00f6rem\u00e5l antr\u00e4ffats.&#13;\n        <\/p>\n<p>Ett misst\u00e4nkt farligt f\u00f6rem\u00e5l antr\u00e4ffas utomhus vid ett flerfamiljshus p\u00e5 Sadelmakarbyn.\u00a0N\u00e4rboende uppmanas att h\u00e5lla sig inomhus och h\u00e5lla sig borta fr\u00e5n f\u00f6nster. Ber\u00f6rda n\u00e4rboende som inryms kommer att kontaktas av polisen. Sadelmakarbyn sp\u00e4rras av och polisen ber allm\u00e4nheten att respektera avsp\u00e4rrningen. Nationella bomskyddet \u00e4r p\u00e5 v\u00e4g till platsen f\u00f6r att unders\u00f6ka f\u00f6rem\u00e5let..\u00a0<\/p>\n<p>&#13;<br \/>\n            H\u00e4ndelsenotiserna ger kortfattad information om ett urval av de utryckningar som polisen g\u00f6r. Observera att det \u00e4r inledande uppgifter som ligger till grund f\u00f6r notiserna. Det betyder att uppgifterna kan komma att \u00e4ndras.&#13;\n        <\/p>\n","protected":false},"excerpt":{"rendered":"&#13; Polis larmas till Bunkeflostrand d\u00e4r ett misst\u00e4nkt farligt f\u00f6rem\u00e5l antr\u00e4ffats.&#13; Ett misst\u00e4nkt farligt f\u00f6rem\u00e5l antr\u00e4ffas utomhus vid&hellip;\n","protected":false},"author":2,"featured_media":54,"comment_status":"","ping_status":"","sticky":false,"template":"","format":"standard","meta":{"footnotes":""},"categories":[12],"tags":[22,23,26,27,17,21,24,25,28,29,15,16,18,34,31,33,32,30,19,20],"class_list":{"0":"post-132642","1":"post","2":"type-post","3":"status-publish","4":"format-standard","5":"has-post-thumbnail","7":"category-sverige","8":"tag-breaking-news","9":"tag-breakingnews","10":"tag-featured-news","11":"tag-featurednews","12":"tag-headlines","13":"tag-huvudnyheter","14":"tag-latest-news","15":"tag-latestnews","16":"tag-main-news","17":"tag-mainnews","18":"tag-news","19":"tag-nyheter","20":"tag-rubriker","21":"tag-se","22":"tag-svenska","23":"tag-sverige","24":"tag-sweden","25":"tag-swedish","26":"tag-top-stories","27":"tag-topstories"},"share_on_mastodon":{"url":"https:\/\/pubeurope.com\/@se\/115878533763000601","error":""},"_links":{"self":[{"href":"https:\/\/www.europesays.com\/se\/wp-json\/wp\/v2\/posts\/132642","targetHints":{"allow":["GET"]}}],"collection":[{"href":"https:\/\/www.europesays.com\/se\/wp-json\/wp\/v2\/posts"}],"about":[{"href":"https:\/\/www.europesays.com\/se\/wp-json\/wp\/v2\/types\/post"}],"author":[{"embeddable":true,"href":"https:\/\/www.europesays.com\/se\/wp-json\/wp\/v2\/users\/2"}],"replies":[{"embeddable":true,"href":"https:\/\/www.europesays.com\/se\/wp-json\/wp\/v2\/comments?post=132642"}],"version-history":[{"count":0,"href":"https:\/\/www.europesays.com\/se\/wp-json\/wp\/v2\/posts\/132642\/revisions"}],"wp:featuredmedia":[{"embeddable":true,"href":"https:\/\/www.europesays.com\/se\/wp-json\/wp\/v2\/media\/54"}],"wp:attachment":[{"href":"https:\/\/www.europesays.com\/se\/wp-json\/wp\/v2\/media?parent=132642"}],"wp:term":[{"taxonomy":"category","embeddable":true,"href":"https:\/\/www.europesays.com\/se\/wp-json\/wp\/v2\/categories?post=132642"},{"taxonomy":"post_tag","embeddable":true,"href":"https:\/\/www.europesays.com\/se\/wp-json\/wp\/v2\/tags?post=132642"}],"curies":[{"name":"wp","href":"https:\/\/api.w.org\/{rel}","templated":true}]}}