{"id":132660,"date":"2026-01-11T21:49:13","date_gmt":"2026-01-11T21:49:13","guid":{"rendered":"https:\/\/www.europesays.com\/se\/132660\/"},"modified":"2026-01-11T21:49:13","modified_gmt":"2026-01-11T21:49:13","slug":"msbs-namnbyte-kostar-tio-miljoner","status":"publish","type":"post","link":"https:\/\/www.europesays.com\/se\/132660\/","title":{"rendered":"MSB:s namnbyte kostar tio miljoner"},"content":{"rendered":"<p>share-arrowDela<\/p>\n<p>unsaveSpara<\/p>\n<p>expand-left<\/p>\n<p>helsk\u00e4rm<img decoding=\"async\" class=\"image-asset hyperion-css-u06ts1\" data-test-tag=\"image-asset\" src=\"https:\/\/www.europesays.com\/se\/wp-content\/uploads\/2026\/01\/c132cb79-3f9d-427a-bc3b-6fd57eac97dd.jpeg\"  alt=\"Mikael Frisell \u00e4r generaldirekt\u00f6r f\u00f6r det som fr\u00e5n och med den 1 januari heter Myndigheten f\u00f6r civilt f\u00f6rsvar (tidigare Myndigheten f\u00f6r samh\u00e4llsskydd och beredskap, MSB). Arkivbild.\"  loading=\"eager\" fetchpriority=\"high\" style=\"aspect-ratio:1900 \/ 1399\"\/>Mikael Frisell \u00e4r generaldirekt\u00f6r f\u00f6r det som fr\u00e5n och med den 1 januari heter Myndigheten f\u00f6r civilt f\u00f6rsvar (tidigare Myndigheten f\u00f6r samh\u00e4llsskydd och beredskap, MSB). Arkivbild. Foto: Jonas Ekstr\u00f6mer\/TT<\/p>\n<p class=\"hyperion-css-1shl3oz\" data-test-tag=\"lead-text\">Tio miljoner kronor. S\u00e5 mycket ber\u00e4knas det kosta f\u00f6r skattebetalarna n\u00e4r Myndigheten f\u00f6r samh\u00e4llsskydd och beredskap (MSB) bytt namn till Myndigheten f\u00f6r civilt f\u00f6rsvar (MCF), rapporterar SVT.<\/p>\n<p class=\"hyperion-css-1v9qo5x\">Enligt SVT handlar kostnaderna om \u201dallt fr\u00e5n att m\u00e4rka om fordon, materiel och profilkl\u00e4der \u2013 till att skapa nytt internt och externt informationsmaterial\u201d.<\/p>\n<p class=\"hyperion-css-1v9qo5x\">Regeringens ansvariga minister Carl-Oskar Bohlin skriver i ett mejl till SVT att han \u201dutg\u00e5r fr\u00e5n att myndigheten g\u00f6r detta p\u00e5 ett s\u00e5 kostnadseffektivt s\u00e4tt som m\u00f6jligt\u201d.<\/p>\n<p class=\"hyperion-css-1v9qo5x\">Namnbytet till Myndigheten f\u00f6r civilt f\u00f6rsvar \u00e4gde rum den 1 januari i \u00e5r. I slutet av fjol\u00e5ret sade generaldirekt\u00f6r Mikael Frisell till TT att uppgifterna f\u00f6r myndigheterna blir samma som tidigare, men tydligare.<\/p>\n<p class=\"hyperion-css-1v9qo5x\">\u2013 Uppgiften som blir tyngre f\u00f6r oss \u00e4r att vi \u00e4r den ledande, inriktande och samordnade myndigheten i hela det civila f\u00f6rsvaret, sade han.<\/p>\n","protected":false},"excerpt":{"rendered":"share-arrowDela unsaveSpara expand-left helsk\u00e4rmMikael Frisell \u00e4r generaldirekt\u00f6r f\u00f6r det som fr\u00e5n och med den 1 januari heter Myndigheten&hellip;\n","protected":false},"author":2,"featured_media":132661,"comment_status":"","ping_status":"","sticky":false,"template":"","format":"standard","meta":{"footnotes":""},"categories":[5],"tags":[22,23,26,27,17,21,24,25,28,29,15,16,18,34,31,33,32,30,19,20],"class_list":{"0":"post-132660","1":"post","2":"type-post","3":"status-publish","4":"format-standard","5":"has-post-thumbnail","7":"category-rubriker","8":"tag-breaking-news","9":"tag-breakingnews","10":"tag-featured-news","11":"tag-featurednews","12":"tag-headlines","13":"tag-huvudnyheter","14":"tag-latest-news","15":"tag-latestnews","16":"tag-main-news","17":"tag-mainnews","18":"tag-news","19":"tag-nyheter","20":"tag-rubriker","21":"tag-se","22":"tag-svenska","23":"tag-sverige","24":"tag-sweden","25":"tag-swedish","26":"tag-top-stories","27":"tag-topstories"},"share_on_mastodon":{"url":"https:\/\/pubeurope.com\/@se\/115878675234909073","error":""},"_links":{"self":[{"href":"https:\/\/www.europesays.com\/se\/wp-json\/wp\/v2\/posts\/132660","targetHints":{"allow":["GET"]}}],"collection":[{"href":"https:\/\/www.europesays.com\/se\/wp-json\/wp\/v2\/posts"}],"about":[{"href":"https:\/\/www.europesays.com\/se\/wp-json\/wp\/v2\/types\/post"}],"author":[{"embeddable":true,"href":"https:\/\/www.europesays.com\/se\/wp-json\/wp\/v2\/users\/2"}],"replies":[{"embeddable":true,"href":"https:\/\/www.europesays.com\/se\/wp-json\/wp\/v2\/comments?post=132660"}],"version-history":[{"count":0,"href":"https:\/\/www.europesays.com\/se\/wp-json\/wp\/v2\/posts\/132660\/revisions"}],"wp:featuredmedia":[{"embeddable":true,"href":"https:\/\/www.europesays.com\/se\/wp-json\/wp\/v2\/media\/132661"}],"wp:attachment":[{"href":"https:\/\/www.europesays.com\/se\/wp-json\/wp\/v2\/media?parent=132660"}],"wp:term":[{"taxonomy":"category","embeddable":true,"href":"https:\/\/www.europesays.com\/se\/wp-json\/wp\/v2\/categories?post=132660"},{"taxonomy":"post_tag","embeddable":true,"href":"https:\/\/www.europesays.com\/se\/wp-json\/wp\/v2\/tags?post=132660"}],"curies":[{"name":"wp","href":"https:\/\/api.w.org\/{rel}","templated":true}]}}