{"id":132662,"date":"2026-01-11T21:59:18","date_gmt":"2026-01-11T21:59:18","guid":{"rendered":"https:\/\/www.europesays.com\/se\/132662\/"},"modified":"2026-01-11T21:59:18","modified_gmt":"2026-01-11T21:59:18","slug":"nytt-svenskt-luftvarn-for-15-miljarder-ska-skydda-civila","status":"publish","type":"post","link":"https:\/\/www.europesays.com\/se\/132662\/","title":{"rendered":"Nytt svenskt luftv\u00e4rn f\u00f6r 15 miljarder ska skydda civila"},"content":{"rendered":"<p>S\u00c4LEN. Regeringen ger F\u00f6rsvarets materielverk (FMV) i uppdrag att upphandla ett nytt luftv\u00e4rnssystem f\u00f6r 15 miljarder kronor.<\/p>\n<p>\u2013 Vi beh\u00f6ver mer luftv\u00e4rn i allm\u00e4nhet och framf\u00f6rallt beh\u00f6ver vi nu mer luftv\u00e4rn som skyddar civila verksamheter\u00a0\u2013 energisystem, vattenf\u00f6rs\u00f6rjning, elf\u00f6rs\u00f6rjning och sjukv\u00e5rd, s\u00e4ger statsminister Ulf Kristersson till Altinget.<\/p>\n<p>Tidigare har det svenska luftv\u00e4rnet fr\u00e4mst varit inriktat p\u00e5 att skydda milit\u00e4r infrastruktur och milit\u00e4ra f\u00f6rband. Nu ut\u00f6kas det.\u00a0<\/p>\n<p>\u2013 Vi har inte haft tillr\u00e4ckligt mycket under l\u00e5ng tid och nu \u00e4r det m\u00e5nga l\u00e4rdomar fr\u00e5n Ukraina som g\u00f6r att vi inte bara beh\u00f6ver f\u00f6rst\u00e4rka skyddet mot rent milit\u00e4ra m\u00e5l, utan ocks\u00e5 st\u00e4rka skyddet mot civila m\u00e5l,\u00a0s\u00e4ger Kristersson.<\/p>\n<p>Ska g\u00e5 snabbt<\/p>\n<p>F\u00f6rsvarsmakten f\u00e5r i uppdrag att bygga upp nya f\u00f6rband som ska utg\u00f6ra luftv\u00e4rnet.\u00a0F\u00f6rsvarsminister P\u00e5l Jonson (M) ber\u00e4ttar att en viktig riktlinje \u00e4r att uppbyggnaden ska g\u00e5 enkelt och snabbt.\u00a0<\/p>\n<p>\u2013 F\u00f6rsvarsmakten har i den dialog vi har haft med dem varit var tydliga med att det beh\u00f6ver vara ett enkelt system som ska kunna g\u00e5 snabbt ut utbilda, utveckla och kunna anv\u00e4nda, s\u00e4ger han till Altinget.\u00a0<\/p>\n<p>Luftv\u00e4rnet kommer i huvudsak vara kortr\u00e4ckviddigt och best\u00e5 av ett antal frist\u00e5ende f\u00f6rband i kompanistorlek.\u00a0En f\u00f6rsta best\u00e4llning till industrin planeras till b\u00f6rjan av 2026.\u00a0<\/p>\n<p>\u2013 Arbetet drar naturligtvis ig\u00e5ng omedelbart, nu i det f\u00f6rsta kvartalet. Sedan kommer vi att arbeta n\u00e5gra \u00e5r och gradvis bygga upp den h\u00e4r typen av f\u00f6rm\u00e5ga, s\u00e4ger P\u00e5l Jonson.\u00a0<\/p>\n<p><strong>Vilka ser ni skulle kunna leverera det h\u00e4r?<\/strong><\/p>\n<p>\u2013 Det finns flera olika men jag t\u00e4nker inte g\u00e5 in p\u00e5 det utan det \u00e4r naturligtvis en fr\u00e5ga f\u00f6r FMV att titta p\u00e5 vilka typer av leverant\u00f6rer som kan vara aktuella. Sverige har utvecklat ett system som heter Loke s\u00e5 det finns ju f\u00f6rm\u00e5gor att utveckla det, men det \u00e4r FMV som m\u00e5ste g\u00f6ra den h\u00e4r upphandlingen,\u00a0s\u00e4ger P\u00e5l Jonson.\u00a0<\/p>\n","protected":false},"excerpt":{"rendered":"S\u00c4LEN. Regeringen ger F\u00f6rsvarets materielverk (FMV) i uppdrag att upphandla ett nytt luftv\u00e4rnssystem f\u00f6r 15 miljarder kronor. \u2013&hellip;\n","protected":false},"author":2,"featured_media":132663,"comment_status":"","ping_status":"","sticky":false,"template":"","format":"standard","meta":{"footnotes":""},"categories":[5],"tags":[22,23,26,27,17,21,24,25,28,29,15,16,18,34,31,33,32,30,19,20],"class_list":{"0":"post-132662","1":"post","2":"type-post","3":"status-publish","4":"format-standard","5":"has-post-thumbnail","7":"category-rubriker","8":"tag-breaking-news","9":"tag-breakingnews","10":"tag-featured-news","11":"tag-featurednews","12":"tag-headlines","13":"tag-huvudnyheter","14":"tag-latest-news","15":"tag-latestnews","16":"tag-main-news","17":"tag-mainnews","18":"tag-news","19":"tag-nyheter","20":"tag-rubriker","21":"tag-se","22":"tag-svenska","23":"tag-sverige","24":"tag-sweden","25":"tag-swedish","26":"tag-top-stories","27":"tag-topstories"},"share_on_mastodon":{"url":"https:\/\/pubeurope.com\/@se\/115878714565521037","error":""},"_links":{"self":[{"href":"https:\/\/www.europesays.com\/se\/wp-json\/wp\/v2\/posts\/132662","targetHints":{"allow":["GET"]}}],"collection":[{"href":"https:\/\/www.europesays.com\/se\/wp-json\/wp\/v2\/posts"}],"about":[{"href":"https:\/\/www.europesays.com\/se\/wp-json\/wp\/v2\/types\/post"}],"author":[{"embeddable":true,"href":"https:\/\/www.europesays.com\/se\/wp-json\/wp\/v2\/users\/2"}],"replies":[{"embeddable":true,"href":"https:\/\/www.europesays.com\/se\/wp-json\/wp\/v2\/comments?post=132662"}],"version-history":[{"count":0,"href":"https:\/\/www.europesays.com\/se\/wp-json\/wp\/v2\/posts\/132662\/revisions"}],"wp:featuredmedia":[{"embeddable":true,"href":"https:\/\/www.europesays.com\/se\/wp-json\/wp\/v2\/media\/132663"}],"wp:attachment":[{"href":"https:\/\/www.europesays.com\/se\/wp-json\/wp\/v2\/media?parent=132662"}],"wp:term":[{"taxonomy":"category","embeddable":true,"href":"https:\/\/www.europesays.com\/se\/wp-json\/wp\/v2\/categories?post=132662"},{"taxonomy":"post_tag","embeddable":true,"href":"https:\/\/www.europesays.com\/se\/wp-json\/wp\/v2\/tags?post=132662"}],"curies":[{"name":"wp","href":"https:\/\/api.w.org\/{rel}","templated":true}]}}