{"id":132664,"date":"2026-01-11T22:07:22","date_gmt":"2026-01-11T22:07:22","guid":{"rendered":"https:\/\/www.europesays.com\/se\/132664\/"},"modified":"2026-01-11T22:07:22","modified_gmt":"2026-01-11T22:07:22","slug":"sagan-om-if-rejban-17-ar-av-vanskap-gladje-och-sorg-smalandsposten","status":"publish","type":"post","link":"https:\/\/www.europesays.com\/se\/132664\/","title":{"rendered":"Sagan om IF rejban \u2013 17 \u00e5r av v\u00e4nskap, gl\u00e4dje och sorg \u2013 Sm\u00e5landsposten"},"content":{"rendered":"<p>De \u00e4r kompisg\u00e4nget som gick fr\u00e5n ett internetforum till division 4 elit p\u00e5 bara n\u00e5gra \u00e5r.<br \/>Tv\u00e5 av klubbens f\u00f6rgrundsfigurer ber\u00e4ttar nu historien om fotbollsklubben IF rejban, d\u00e4r fotbollen alltid varit sekund\u00e4r. Om gemenskapen, samh\u00e4llsengagemanget och saknaden av en bortg\u00e5ngen v\u00e4n.<br \/>\u2013 Det kanske \u00e4r det som \u00e4r hemligheten bakom att vi k\u00f6rt p\u00e5 i 17 \u00e5r, s\u00e4ger tr\u00e4naren Johan Salomonsson.<\/p>\n","protected":false},"excerpt":{"rendered":"De \u00e4r kompisg\u00e4nget som gick fr\u00e5n ett internetforum till division 4 elit p\u00e5 bara n\u00e5gra \u00e5r.Tv\u00e5 av klubbens&hellip;\n","protected":false},"author":2,"featured_media":132665,"comment_status":"","ping_status":"","sticky":false,"template":"","format":"standard","meta":{"footnotes":""},"categories":[5],"tags":[22,23,26,27,17,21,24,25,28,29,15,16,18,34,31,33,32,30,19,20],"class_list":{"0":"post-132664","1":"post","2":"type-post","3":"status-publish","4":"format-standard","5":"has-post-thumbnail","7":"category-rubriker","8":"tag-breaking-news","9":"tag-breakingnews","10":"tag-featured-news","11":"tag-featurednews","12":"tag-headlines","13":"tag-huvudnyheter","14":"tag-latest-news","15":"tag-latestnews","16":"tag-main-news","17":"tag-mainnews","18":"tag-news","19":"tag-nyheter","20":"tag-rubriker","21":"tag-se","22":"tag-svenska","23":"tag-sverige","24":"tag-sweden","25":"tag-swedish","26":"tag-top-stories","27":"tag-topstories"},"share_on_mastodon":{"url":"https:\/\/pubeurope.com\/@se\/115878746080193362","error":""},"_links":{"self":[{"href":"https:\/\/www.europesays.com\/se\/wp-json\/wp\/v2\/posts\/132664","targetHints":{"allow":["GET"]}}],"collection":[{"href":"https:\/\/www.europesays.com\/se\/wp-json\/wp\/v2\/posts"}],"about":[{"href":"https:\/\/www.europesays.com\/se\/wp-json\/wp\/v2\/types\/post"}],"author":[{"embeddable":true,"href":"https:\/\/www.europesays.com\/se\/wp-json\/wp\/v2\/users\/2"}],"replies":[{"embeddable":true,"href":"https:\/\/www.europesays.com\/se\/wp-json\/wp\/v2\/comments?post=132664"}],"version-history":[{"count":0,"href":"https:\/\/www.europesays.com\/se\/wp-json\/wp\/v2\/posts\/132664\/revisions"}],"wp:featuredmedia":[{"embeddable":true,"href":"https:\/\/www.europesays.com\/se\/wp-json\/wp\/v2\/media\/132665"}],"wp:attachment":[{"href":"https:\/\/www.europesays.com\/se\/wp-json\/wp\/v2\/media?parent=132664"}],"wp:term":[{"taxonomy":"category","embeddable":true,"href":"https:\/\/www.europesays.com\/se\/wp-json\/wp\/v2\/categories?post=132664"},{"taxonomy":"post_tag","embeddable":true,"href":"https:\/\/www.europesays.com\/se\/wp-json\/wp\/v2\/tags?post=132664"}],"curies":[{"name":"wp","href":"https:\/\/api.w.org\/{rel}","templated":true}]}}