{"id":132668,"date":"2026-01-11T22:25:09","date_gmt":"2026-01-11T22:25:09","guid":{"rendered":"https:\/\/www.europesays.com\/se\/132668\/"},"modified":"2026-01-11T22:25:09","modified_gmt":"2026-01-11T22:25:09","slug":"okande-svensken-kvalade-in-till-liv-touren","status":"publish","type":"post","link":"https:\/\/www.europesays.com\/se\/132668\/","title":{"rendered":"Ok\u00e4nde svensken kvalade in till LIV-touren"},"content":{"rendered":"<p class=\"boxtextgrotesk-root_baa6 hyperion-css-1w346fg\">Uppdaterad 21.18 | Publicerad 21.12<\/p>\n<p>share-arrowDela<\/p>\n<p>unsaveSpara<\/p>\n<p>expand-left<\/p>\n<p>helsk\u00e4rm<img decoding=\"async\" class=\"image-asset hyperion-css-u06ts1\" data-test-tag=\"image-asset\" src=\"https:\/\/www.europesays.com\/se\/wp-content\/uploads\/2026\/01\/6956a31f-9fd8-4989-badf-d31283a169fb.jpeg\"  alt=\"Bj\u00f6rn Hellgren i Nordea Masters 2016.\"  loading=\"eager\" fetchpriority=\"high\" style=\"aspect-ratio:1900 \/ 1147\"\/>Bj\u00f6rn Hellgren i Nordea Masters 2016. Foto: Fredrik Persson\/TT<\/p>\n<p class=\"hyperion-css-1shl3oz\" data-test-tag=\"lead-text\">Ok\u00e4nde golfspelaren Bj\u00f6rn Hellgren har kvalat in till LIV-touren i golf.<\/p>\n<p class=\"hyperion-css-1v9qo5x\">\u2013 Wow, jag kan inte tro det, s\u00e4ger han till Viaplay enligt Expressen.<\/p>\n<p class=\"hyperion-css-1v9qo5x\">Hellgren kom tv\u00e5a i kvalet i Florida, fem slag efter kanadensaren Richard T Lee. Hellgren \u00e4r garanterad start i samtliga 13 t\u00e4vlingar i \u00e5r som individuellt startande.<\/p>\n<p class=\"hyperion-css-1v9qo5x\">I och med Hellgrens lyckade kval blir det en svensk p\u00e5 LIV-touren \u00e4ven den kommande s\u00e4songen. Henrik Stenson har blivit av med sin plats.<\/p>\n<p class=\"hyperion-css-1v9qo5x\">Den 35-\u00e5rige Hellgren har de senaste sex \u00e5ren framf\u00f6r allt spelat p\u00e5 Asientouren, skriver Svensk Golf, och i december tog han sin f\u00f6rsta seger n\u00e4r han vann s\u00e4songsavslutningen Saudi Open.<\/p>\n<p class=\"hyperion-css-1v9qo5x\">\u2013 Det \u00e4r h\u00e4ftigt, det \u00e4r s\u00e5 coolt. Du kunde f\u00f6r\u00e4ndra ditt liv p\u00e5 n\u00e5gra veckor. Jag vann i Saudi och det ledde hit. Det \u00e4r galet, s\u00e4ger Hellgren.<\/p>\n","protected":false},"excerpt":{"rendered":"Uppdaterad 21.18 | Publicerad 21.12 share-arrowDela unsaveSpara expand-left helsk\u00e4rmBj\u00f6rn Hellgren i Nordea Masters 2016. Foto: Fredrik Persson\/TT Ok\u00e4nde&hellip;\n","protected":false},"author":2,"featured_media":132669,"comment_status":"","ping_status":"","sticky":false,"template":"","format":"standard","meta":{"footnotes":""},"categories":[68],"tags":[34,111,110,31,33,32,30],"class_list":{"0":"post-132668","1":"post","2":"type-post","3":"status-publish","4":"format-standard","5":"has-post-thumbnail","7":"category-sport","8":"tag-se","9":"tag-sport","10":"tag-sports","11":"tag-svenska","12":"tag-sverige","13":"tag-sweden","14":"tag-swedish"},"share_on_mastodon":{"url":"https:\/\/pubeurope.com\/@se\/115878816800659614","error":""},"_links":{"self":[{"href":"https:\/\/www.europesays.com\/se\/wp-json\/wp\/v2\/posts\/132668","targetHints":{"allow":["GET"]}}],"collection":[{"href":"https:\/\/www.europesays.com\/se\/wp-json\/wp\/v2\/posts"}],"about":[{"href":"https:\/\/www.europesays.com\/se\/wp-json\/wp\/v2\/types\/post"}],"author":[{"embeddable":true,"href":"https:\/\/www.europesays.com\/se\/wp-json\/wp\/v2\/users\/2"}],"replies":[{"embeddable":true,"href":"https:\/\/www.europesays.com\/se\/wp-json\/wp\/v2\/comments?post=132668"}],"version-history":[{"count":0,"href":"https:\/\/www.europesays.com\/se\/wp-json\/wp\/v2\/posts\/132668\/revisions"}],"wp:featuredmedia":[{"embeddable":true,"href":"https:\/\/www.europesays.com\/se\/wp-json\/wp\/v2\/media\/132669"}],"wp:attachment":[{"href":"https:\/\/www.europesays.com\/se\/wp-json\/wp\/v2\/media?parent=132668"}],"wp:term":[{"taxonomy":"category","embeddable":true,"href":"https:\/\/www.europesays.com\/se\/wp-json\/wp\/v2\/categories?post=132668"},{"taxonomy":"post_tag","embeddable":true,"href":"https:\/\/www.europesays.com\/se\/wp-json\/wp\/v2\/tags?post=132668"}],"curies":[{"name":"wp","href":"https:\/\/api.w.org\/{rel}","templated":true}]}}