{"id":132672,"date":"2026-01-11T22:57:16","date_gmt":"2026-01-11T22:57:16","guid":{"rendered":"https:\/\/www.europesays.com\/se\/132672\/"},"modified":"2026-01-11T22:57:16","modified_gmt":"2026-01-11T22:57:16","slug":"space-x-raket-skapar-ljusfenomen-over-sverige","status":"publish","type":"post","link":"https:\/\/www.europesays.com\/se\/132672\/","title":{"rendered":"Space X raket skapar ljusfenomen \u00f6ver Sverige"},"content":{"rendered":"<p>Publicerad 11 jan 2026 kl 20.11Uppdaterad kl 22.47<\/p>\n<p>Ett mystiskt ljusfenomen har dragit \u00f6ver Sverige under s\u00f6ndagen.<\/p>\n<p>Det vita det ljusa skeendet r\u00f6rde sig \u00f6ver himlen och s\u00e5g ut som en magnet.<\/p>\n<p>\u2013 Jag s\u00e5g n\u00e5got som l\u00f6s p\u00e5 himlen, starkare \u00e4n vanliga stj\u00e4rnor, s\u00e4ger Abdulrazzak fr\u00e5n Bjurs\u00e5s.<\/p>\n<p><img loading=\"lazy\"   alt=\"\"\/><\/p>\n<p>Abdulrazzak Mazloum fotade ljusfenomenet under s\u00f6ndagen.<\/p>\n<p>Foto: L\u00e4sabild \/ Privat<\/p>\n<p>\u00d6ppna bild i helsk\u00e4rm<img loading=\"lazy\"   alt=\"\"\/><\/p>\n<p>Det ljusa vita skeendet r\u00f6rde sig \u00f6ver himlen och v\u00e4xte. Astronomen Eric Stempels beskriver att fenomenet ser ut som en magnet.<\/p>\n<p>Foto: L\u00e4sarbild \/ Privat<\/p>\n<p>\u00d6ppna bild i helsk\u00e4rm<img loading=\"lazy\"   alt=\"\"\/>\u00d6ppna bild i helsk\u00e4rm<img loading=\"lazy\"   alt=\"\"\/><\/p>\n<p>Malin utanf\u00f6r Kungs\u00f6r var en bevittnade ocks\u00e5 ljusfenomenet och skickade in bilder.<\/p>\n<p>Foto: L\u00e4sarbild\/Privat<\/p>\n<p>\u00d6ppna bild i helsk\u00e4rm<\/p>\n<p>N\u00e4r Abdulrazzak Mazloum, fr\u00e5n Bjurs\u00e5s, s\u00e5g ljusfenomenet vid 17.30-tiden var han p\u00e5 jobbet men var \u00e4nd\u00e5 tvungen att g\u00e5 ut och ta en bild.\u00a0<\/p>\n<p>\u2013 Jag s\u00e5g n\u00e5got som l\u00f6s p\u00e5 himlen, starkare \u00e4n vanliga stj\u00e4rnor, och sen s\u00e5g jag att det r\u00f6rde p\u00e5 sig.\u00a0<\/p>\n<p>Abdulrazzak trodde att det var en meteorit, men Eric Stempels, astronom vid Uppsala universitet, ber\u00e4ttar att ljusfenomenet var en raketuppskjutning.\u00a0<\/p>\n<p>Kopplingen till Musk<\/p>\n<p>\u2013 Det var en raket som gjorde en banman\u00f6ver \u00f6ver Skandinavien. Troligtvis \u00e4r det en raket som har skjutits upp i USA i Kalifornien. Vi har haft liknande raketer f\u00f6rut.\u00a0<\/p>\n<p>Raketen var troligtvis fr\u00e5n Elon Musks Space X. Eric Stempels f\u00f6rklarar att n\u00e4r raketerna n\u00e5r omloppsbanan s\u00e5 sl\u00e4pper de ut satelliter p\u00e5 f\u00f6rbest\u00e4mda st\u00e4llen. Kvar blir d\u00e5 sj\u00e4lva raketdelen som man inte vill ha kvar i himlen, p\u00e5 grund av risken att den krockar med andra sateliter.<\/p>\n<p>\u2013 Om man g\u00f6r inbromsningen i Skandinavien kommer den att falla ner i Stilla havet. Vilket g\u00f6r att man f\u00e5r ner det p\u00e5 ett st\u00e4lle d\u00e4r de inte bor s\u00e5 m\u00e5nga m\u00e4nniskor, s\u00e4ger Eric Stempels.\u00a0<\/p>\n<p>Kan bli vanligare\u00a0<\/p>\n<p>Det ljusa skeendet p\u00e5 himlen kommer att bli allt vanligare menar Eric Stempels d\u00e5 det blir allt fler f\u00f6retag som vill skjuta upp raketer.\u00a0<\/p>\n<p>\u2013 Det \u00e4r ett problem i sig. Men om man vill se fina raketfenomen blir man glad, s\u00e4ger han.\u00a0<\/p>\n<p>Ljusfenomenet ska \u00e4ven ha setts i Norge. <a href=\"https:\/\/www.nrk.no\/tromsogfinnmark\/mystisk-lysfenomen-observert-i-finnmark-1.17723146\" rel=\"nofollow noopener\" target=\"_blank\">NRK <\/a>rapporterar att det ska ha skapat problem i flygtrafiken d\u00e4r ett plan blev f\u00f6rsenat vid Lakselv Flygplats i norra Norge, d\u00e5 det st\u00f6rde luftrummet.\u00a0<\/p>\n","protected":false},"excerpt":{"rendered":"Publicerad 11 jan 2026 kl 20.11Uppdaterad kl 22.47 Ett mystiskt ljusfenomen har dragit \u00f6ver Sverige under s\u00f6ndagen. Det&hellip;\n","protected":false},"author":2,"featured_media":132673,"comment_status":"","ping_status":"","sticky":false,"template":"","format":"standard","meta":{"footnotes":""},"categories":[5],"tags":[22,23,26,27,17,21,24,25,28,29,15,16,18,34,154,31,33,32,30,19,20],"class_list":{"0":"post-132672","1":"post","2":"type-post","3":"status-publish","4":"format-standard","5":"has-post-thumbnail","7":"category-rubriker","8":"tag-breaking-news","9":"tag-breakingnews","10":"tag-featured-news","11":"tag-featurednews","12":"tag-headlines","13":"tag-huvudnyheter","14":"tag-latest-news","15":"tag-latestnews","16":"tag-main-news","17":"tag-mainnews","18":"tag-news","19":"tag-nyheter","20":"tag-rubriker","21":"tag-se","22":"tag-sections-sverige","23":"tag-svenska","24":"tag-sverige","25":"tag-sweden","26":"tag-swedish","27":"tag-top-stories","28":"tag-topstories"},"share_on_mastodon":{"url":"https:\/\/pubeurope.com\/@se\/115878942678280049","error":""},"_links":{"self":[{"href":"https:\/\/www.europesays.com\/se\/wp-json\/wp\/v2\/posts\/132672","targetHints":{"allow":["GET"]}}],"collection":[{"href":"https:\/\/www.europesays.com\/se\/wp-json\/wp\/v2\/posts"}],"about":[{"href":"https:\/\/www.europesays.com\/se\/wp-json\/wp\/v2\/types\/post"}],"author":[{"embeddable":true,"href":"https:\/\/www.europesays.com\/se\/wp-json\/wp\/v2\/users\/2"}],"replies":[{"embeddable":true,"href":"https:\/\/www.europesays.com\/se\/wp-json\/wp\/v2\/comments?post=132672"}],"version-history":[{"count":0,"href":"https:\/\/www.europesays.com\/se\/wp-json\/wp\/v2\/posts\/132672\/revisions"}],"wp:featuredmedia":[{"embeddable":true,"href":"https:\/\/www.europesays.com\/se\/wp-json\/wp\/v2\/media\/132673"}],"wp:attachment":[{"href":"https:\/\/www.europesays.com\/se\/wp-json\/wp\/v2\/media?parent=132672"}],"wp:term":[{"taxonomy":"category","embeddable":true,"href":"https:\/\/www.europesays.com\/se\/wp-json\/wp\/v2\/categories?post=132672"},{"taxonomy":"post_tag","embeddable":true,"href":"https:\/\/www.europesays.com\/se\/wp-json\/wp\/v2\/tags?post=132672"}],"curies":[{"name":"wp","href":"https:\/\/api.w.org\/{rel}","templated":true}]}}