{"id":132674,"date":"2026-01-11T23:05:10","date_gmt":"2026-01-11T23:05:10","guid":{"rendered":"https:\/\/www.europesays.com\/se\/132674\/"},"modified":"2026-01-11T23:05:10","modified_gmt":"2026-01-11T23:05:10","slug":"natos-overbefalhavare-duckar-fragan-om-usa","status":"publish","type":"post","link":"https:\/\/www.europesays.com\/se\/132674\/","title":{"rendered":"Natos \u00f6verbef\u00e4lhavare duckar fr\u00e5gan om USA"},"content":{"rendered":"<p>S\u00c4LEN.\u00a0Alexus Grynkewich,\u00a0Natos \u00f6verbef\u00e4lhavare f\u00f6r Europa, vill inte svara p\u00e5 fr\u00e5gan om hur Donald Trumps uttalanden om Gr\u00f6nland p\u00e5verkat Natos arbete.\u00a0\u00a0<\/p>\n<p>\u2013 Jag kommer inte att kommentera de politiska dimensionerna av den senaste retoriken. Det \u00e4r inte min uppgift att g\u00f6ra det i egenskap av milit\u00e4r bef\u00e4lhavare, s\u00e4ger han fr\u00e5n scenen vid rikskonferensen Folk och f\u00f6rsvar i S\u00e4len.\u00a0<\/p>\n<p>Men han po\u00e4ngterar att de samtal som sker i Nordatlantiska r\u00e5det, d\u00e4r alla Natos permanenta representanter kontinuerligt f\u00f6r en diskussion, forts\u00e4tter i Bryssel.\u00a0<\/p>\n<blockquote class=\"quote center\"><p>&#13;<\/p>\n<p>Medlemmar i alliansen som har arbetat tillsammans i s\u00e5 m\u00e5nga \u00e5r talar med varandra och arbetar sig igenom dessa fr\u00e5gor som man nu l\u00e4r sig av.<\/p>\n<p>&#13;<br \/>\n  <b>Alexus Grynkewich<\/b><br \/>Natos \u00f6verbef\u00e4lhavare i Europa&#13;\n<\/p><\/blockquote>\n<p>\u2013 Av det jag har h\u00f6rt har dialogerna varit konstruktiva och jag tror att det \u00e4r det allra viktigaste. Medlemmar i alliansen som har arbetat tillsammans i s\u00e5 m\u00e5nga \u00e5r talar med varandra och arbetar sig igenom dessa fr\u00e5gor som man nu l\u00e4r sig av, s\u00e4ger han.\u00a0<\/p>\n<p>Grynkewich lyfter ist\u00e4llet oron \u00f6ver att l\u00e4nder som\u00a0Ryssland, Kina, Iran och Nordkorea \u00f6kar sitt samarbete i takt med att att deras intressen sammanfaller mot Nato. Och att USA g\u00f6r vad man kan f\u00f6r att f\u00e5 fred i Ukraina.\u00a0<\/p>\n<p>\u2013 Samtidigt som president Trump verkar f\u00f6r en fredlig l\u00f6sning p\u00e5 ett fruktansv\u00e4rt krig forts\u00e4tter Kina att finansiera Putins krigsmaskin. Iran forts\u00e4tter att leverera teknik och vapen. Och nordkoreanska stridstrupper finns kvar i Ryssland vid Ukrainas gr\u00e4ns, s\u00e4ger han.<\/p>\n<p>\u00d6kad aktivitet i Arktis<\/p>\n<p>N\u00e4r det g\u00e4ller Gr\u00f6nland och Arktis ser Nato allt mer aktiviteter fr\u00e5n b\u00e5de Ryssland och Kina.\u00a0<\/p>\n<p>\u2013 Ryska och kinesiska fartyg genomf\u00f6r allt fler gemensamma patrulleringar. Kinesiska isbrytare och forskningsfartyg befinner sig i arktiska vatten, och deras forskning \u00e4r inte av fredlig natur. Den syftar till att ge milit\u00e4ra f\u00f6rdelar.<\/p>\n<p>D\u00e4rmed \u00f6kar Arktis betydelse allt mer och d\u00e4r har Sverige en nyckelroll enligt Grynkewich.\u00a0<\/p>\n<p>\u2013 Fram\u00f6ver avser vi att ut\u00f6ka v\u00e5ra f\u00f6rm\u00e5gor till underr\u00e4ttelse, \u00f6vervakning och spaning f\u00f6r att f\u00f6rb\u00e4ttra v\u00e5r infrastruktur och logistik f\u00f6r milit\u00e4r r\u00f6rlighet och st\u00e4rka v\u00e5r n\u00e4rvaro med arktiskt anpassade f\u00f6rband. M\u00e5nga av dem finns h\u00e4r i Sverige, s\u00e4ger han.\u00a0<\/p>\n<p>Men trots det os\u00e4kra s\u00e4kerhetsl\u00e4get och \u00f6kade aktiviteter ser han inte att det i dagsl\u00e4get finns ett reellt hot mot Nato.<\/p>\n<p>\u2013 Nej, jag tror inte att det finns ett direkt hot mot Natos territorium just nu.\u00a0<\/p>\n<p>Anledningen till det \u00e4r framf\u00f6rallt att Ryssland just nu har fullt upp med kriget i Ukraina.\u00a0<\/p>\n","protected":false},"excerpt":{"rendered":"S\u00c4LEN.\u00a0Alexus Grynkewich,\u00a0Natos \u00f6verbef\u00e4lhavare f\u00f6r Europa, vill inte svara p\u00e5 fr\u00e5gan om hur Donald Trumps uttalanden om Gr\u00f6nland p\u00e5verkat&hellip;\n","protected":false},"author":2,"featured_media":132675,"comment_status":"","ping_status":"","sticky":false,"template":"","format":"standard","meta":{"footnotes":""},"categories":[5],"tags":[22,23,26,27,17,21,24,25,28,29,15,16,18,34,31,33,32,30,19,20],"class_list":{"0":"post-132674","1":"post","2":"type-post","3":"status-publish","4":"format-standard","5":"has-post-thumbnail","7":"category-rubriker","8":"tag-breaking-news","9":"tag-breakingnews","10":"tag-featured-news","11":"tag-featurednews","12":"tag-headlines","13":"tag-huvudnyheter","14":"tag-latest-news","15":"tag-latestnews","16":"tag-main-news","17":"tag-mainnews","18":"tag-news","19":"tag-nyheter","20":"tag-rubriker","21":"tag-se","22":"tag-svenska","23":"tag-sverige","24":"tag-sweden","25":"tag-swedish","26":"tag-top-stories","27":"tag-topstories"},"share_on_mastodon":{"url":"https:\/\/pubeurope.com\/@se\/115878974133645267","error":""},"_links":{"self":[{"href":"https:\/\/www.europesays.com\/se\/wp-json\/wp\/v2\/posts\/132674","targetHints":{"allow":["GET"]}}],"collection":[{"href":"https:\/\/www.europesays.com\/se\/wp-json\/wp\/v2\/posts"}],"about":[{"href":"https:\/\/www.europesays.com\/se\/wp-json\/wp\/v2\/types\/post"}],"author":[{"embeddable":true,"href":"https:\/\/www.europesays.com\/se\/wp-json\/wp\/v2\/users\/2"}],"replies":[{"embeddable":true,"href":"https:\/\/www.europesays.com\/se\/wp-json\/wp\/v2\/comments?post=132674"}],"version-history":[{"count":0,"href":"https:\/\/www.europesays.com\/se\/wp-json\/wp\/v2\/posts\/132674\/revisions"}],"wp:featuredmedia":[{"embeddable":true,"href":"https:\/\/www.europesays.com\/se\/wp-json\/wp\/v2\/media\/132675"}],"wp:attachment":[{"href":"https:\/\/www.europesays.com\/se\/wp-json\/wp\/v2\/media?parent=132674"}],"wp:term":[{"taxonomy":"category","embeddable":true,"href":"https:\/\/www.europesays.com\/se\/wp-json\/wp\/v2\/categories?post=132674"},{"taxonomy":"post_tag","embeddable":true,"href":"https:\/\/www.europesays.com\/se\/wp-json\/wp\/v2\/tags?post=132674"}],"curies":[{"name":"wp","href":"https:\/\/api.w.org\/{rel}","templated":true}]}}