{"id":132687,"date":"2026-01-11T23:32:10","date_gmt":"2026-01-11T23:32:10","guid":{"rendered":"https:\/\/www.europesays.com\/se\/132687\/"},"modified":"2026-01-11T23:32:10","modified_gmt":"2026-01-11T23:32:10","slug":"beckhams-familjebrakeskalerar-raderar-allt","status":"publish","type":"post","link":"https:\/\/www.europesays.com\/se\/132687\/","title":{"rendered":"Beckhams familjebr\u00e5k\neskalerar: Raderar allt"},"content":{"rendered":"<p>Publicerad 11 jan 2026 kl 23.56Uppdaterad 12 jan kl 00.05<\/p>\n<p>Beckhams verkar inte vara p\u00e5 v\u00e4g att f\u00f6rsonas \u2013 snarare ser den infekterade familjefejden bara ut att f\u00f6rdjupas ytterligare.<\/p>\n<p>Nu har Brooklyn Beckhams fru, Nicola Peltz, raderat alla sp\u00e5r av sina sv\u00e4rf\u00f6r\u00e4ldrar fr\u00e5n sina sociala medier, rapporterar <a href=\"https:\/\/www.tmz.com\/2026\/01\/11\/nicola-peltz-scrubs-beckham-family-instagram\/\" rel=\"nofollow noopener\" target=\"_blank\">TMZ<\/a>.<\/p>\n<p>Senaste n\u00f6jesklippen fr\u00e5n Expressen.<img   alt=\"\"\/><\/p>\n<p>David och Victoria Beckham har avf\u00f6ljt sin son Brooklyn p\u00e5 Instagram.<\/p>\n<p>Foto: SCOTT A GARFITT \/ AP TT NYHETSBYR\u00c5N<\/p>\n<p>\u00d6ppna bild i helsk\u00e4rm<img loading=\"lazy\"   alt=\"\"\/><\/p>\n<p>Uppgifter g\u00f6r g\u00e4llande att br\u00e5ket bottnar i en h\u00e4ndelse p\u00e5 Brooklyn och Nicolas br\u00f6llop 2022.<\/p>\n<p>Foto: NACA \/ BACKGRID US \/ TT \/ TT NYHETSBYR\u00c5N<\/p>\n<p>\u00d6ppna bild i helsk\u00e4rm<\/p>\n<p>\u201dGrattis p\u00e5 f\u00f6delsedagen till min vackra sv\u00e4rmor <a href=\"https:\/\/www.expressen.se\/tagg\/person\/victoria-beckham\/\" class=\"\" rel=\"nofollow noopener\" target=\"_blank\">Victoria Beckham<\/a>. Jag \u00e4lskar dig s\u00e5 mycket och \u00e4lskar att vara din danspartner f\u00f6r alltid\u201d.<\/p>\n<p>S\u00e5 skrev Nicola Peltz, fru till David och Victoria Beckhams yngste son Brooklyn, n\u00e4r Victoria fyllde 50 2024.<\/p>\n<p>Men nu \u00e4r bilden och alla andra inl\u00e4gg som kan kopplas till sv\u00e4rf\u00f6r\u00e4ldrarna borta. Den amerikanska sk\u00e5despelaren har rensat sitt Instagramkonto fr\u00e5n allting som kopplar henne till makens f\u00f6r\u00e4ldrar, skriver TMZ.<\/p>\n<p>K\u00e4llor: Inga f\u00f6rs\u00f6k till f\u00f6rsoning<\/p>\n<p>Draget kommer kort efter rapporterna om att Brooklyn Beckham bett David och Victoria att <a href=\"https:\/\/www.expressen.se\/noje\/brooklyn-beckhams-iskalla-pik-till-foraldrarna-i-fejden\/\" rel=\"nofollow noopener\" target=\"_blank\">endast kontakta honom via sin advokat<\/a>. Han uppges inte heller vilja att de kommenterar honom offentligt. Sedan tidigare har \u00e4ven son och f\u00f6r\u00e4ldrar <a href=\"https:\/\/www.expressen.se\/noje\/nya-draget-i-familjefejden-avfoljer-sonen\/\" rel=\"nofollow noopener\" target=\"_blank\">avf\u00f6ljt varandra p\u00e5 sociala medier<\/a>.<\/p>\n<p>Enligt TMZ:s k\u00e4llor \u00e4r relationen mellan paret Brooklyn och Nicola och f\u00f6r\u00e4ldrarna fortfarande mycket anstr\u00e4ngd. Tidningen skriver att det inte f\u00f6rekommit n\u00e5gon kontakt eller f\u00f6rs\u00f6k till f\u00f6rsoning, n\u00e5got som uppges skapat irritation hos delar av familjen.<\/p>\n<p>Vad som ligger bakom br\u00e5ket \u00e4r inte helt k\u00e4nt, men rykten g\u00f6r g\u00e4llande att allting b\u00f6rjade p\u00e5 Brooklyn och Nicolas br\u00f6llop 2022. Tanken var att bruden skulle b\u00e4ra en kl\u00e4nning designad av sin sv\u00e4rmor, men i st\u00e4llet valde en annan kl\u00e4nning.<\/p>\n<p>Under br\u00f6llopsfesten ska dessutom en g\u00e4st ha utropat Victoria som \u201dden vackraste kvinnan i rummet\u201d \u2013 n\u00e5got som enligt uppgifterna ska ha s\u00e5rat Nicola.<\/p>\n<p>N\u00e4r Brooklyn senare uteblev fr\u00e5n sin pappas 50-\u00e5rsfirande uppges konflikten ha f\u00f6rdjupats ytterligare.<\/p>\n<p><strong>L\u00c4S MER: <\/strong><a href=\"https:\/\/www.expressen.se\/noje\/brooklyn-beckhams-iskalla-pik-till-foraldrarna-i-fejden\/\" class=\"\" rel=\"nofollow noopener\" target=\"_blank\">Brooklyn Beckhams iskalla pik till f\u00f6r\u00e4ldrarna i fejden<\/a><strong>L\u00c4S MER: <\/strong><a href=\"https:\/\/www.expressen.se\/noje\/beckham-bryter-helt-med-foraldrarna\/\" class=\"\" rel=\"nofollow noopener\" target=\"_blank\">Beckham bryter helt med f\u00f6r\u00e4ldrarna<\/a><strong>L\u00c4S MER: <\/strong><a href=\"https:\/\/www.expressen.se\/noje\/nya-draget-i-familjefejden-avfoljer-sonen\/\" class=\"\" rel=\"nofollow noopener\" target=\"_blank\">Nya draget i familjefejden \u2013 avf\u00f6ljer sonen<\/a><\/p>\n","protected":false},"excerpt":{"rendered":"Publicerad 11 jan 2026 kl 23.56Uppdaterad 12 jan kl 00.05 Beckhams verkar inte vara p\u00e5 v\u00e4g att f\u00f6rsonas&hellip;\n","protected":false},"author":2,"featured_media":132688,"comment_status":"","ping_status":"","sticky":false,"template":"","format":"standard","meta":{"footnotes":""},"categories":[67],"tags":[104,1035,1034,34,31,33,32,30,310,105],"class_list":{"0":"post-132687","1":"post","2":"type-post","3":"status-publish","4":"format-standard","5":"has-post-thumbnail","7":"category-underhallning","8":"tag-entertainment","9":"tag-person-david-beckham","10":"tag-person-victoria-beckham","11":"tag-se","12":"tag-svenska","13":"tag-sverige","14":"tag-sweden","15":"tag-swedish","16":"tag-topic-kandisar","17":"tag-underhallning"},"share_on_mastodon":{"url":"https:\/\/pubeurope.com\/@se\/115879080302225251","error":""},"_links":{"self":[{"href":"https:\/\/www.europesays.com\/se\/wp-json\/wp\/v2\/posts\/132687","targetHints":{"allow":["GET"]}}],"collection":[{"href":"https:\/\/www.europesays.com\/se\/wp-json\/wp\/v2\/posts"}],"about":[{"href":"https:\/\/www.europesays.com\/se\/wp-json\/wp\/v2\/types\/post"}],"author":[{"embeddable":true,"href":"https:\/\/www.europesays.com\/se\/wp-json\/wp\/v2\/users\/2"}],"replies":[{"embeddable":true,"href":"https:\/\/www.europesays.com\/se\/wp-json\/wp\/v2\/comments?post=132687"}],"version-history":[{"count":0,"href":"https:\/\/www.europesays.com\/se\/wp-json\/wp\/v2\/posts\/132687\/revisions"}],"wp:featuredmedia":[{"embeddable":true,"href":"https:\/\/www.europesays.com\/se\/wp-json\/wp\/v2\/media\/132688"}],"wp:attachment":[{"href":"https:\/\/www.europesays.com\/se\/wp-json\/wp\/v2\/media?parent=132687"}],"wp:term":[{"taxonomy":"category","embeddable":true,"href":"https:\/\/www.europesays.com\/se\/wp-json\/wp\/v2\/categories?post=132687"},{"taxonomy":"post_tag","embeddable":true,"href":"https:\/\/www.europesays.com\/se\/wp-json\/wp\/v2\/tags?post=132687"}],"curies":[{"name":"wp","href":"https:\/\/api.w.org\/{rel}","templated":true}]}}