{"id":132694,"date":"2026-01-11T23:44:44","date_gmt":"2026-01-11T23:44:44","guid":{"rendered":"https:\/\/www.europesays.com\/se\/132694\/"},"modified":"2026-01-11T23:44:44","modified_gmt":"2026-01-11T23:44:44","slug":"gunnar-strommers-turkiska-dilemma-blankspot","status":"publish","type":"post","link":"https:\/\/www.europesays.com\/se\/132694\/","title":{"rendered":"Gunnar Str\u00f6mmers turkiska dilemma \u2013 Blankspot"},"content":{"rendered":"<p class=\"excerpt\">Regeringen hyllades f\u00f6r att ha f\u00e5tt hem Joakim Medin \u2013 men kritiken v\u00e4xer nu mot Justitiedepartementet som \u00e4nnu inte godk\u00e4nt att han h\u00f6rs i svensk domstol. Fr\u00e5gan \u00e4r k\u00e4nslig: ett ja kan uppfattas som eftergift, medan ett nej \u2013 som i ett liknande fall 2004 \u2013 ocks\u00e5 kan bli ett tydligt st\u00e4llningstagande f\u00f6r pressfriheten.<\/p>\n<p>      Av <a href=\"https:\/\/blankspot.se\/author\/martin-schibbye-2\/\" title=\"Inl&#xE4;gg av Martin Schibbye\" rel=\"author nofollow noopener\" target=\"_blank\">Martin Schibbye<\/a> 10 januari, 2026    <\/p>\n<p>Joakim Medins turkiska advokater \u00e4r offensivt lagda. Under veckorna som deras klient var f\u00e4ngslad hann de <a href=\"https:\/\/www.journalisten.se\/nyheter\/joakim-medins-advokater-stammer-turkiet\/\" data-type=\"link\" data-id=\"https:\/\/www.journalisten.se\/nyheter\/joakim-medins-advokater-stammer-turkiet\/\" rel=\"nofollow noopener\" target=\"_blank\">st\u00e4mma staten i landets konstitutionsdomstol,<\/a> anklagad f\u00f6r grova brott mot Medins m\u00e4nskliga r\u00e4ttigheter.\u00a0Anfall var b\u00e4sta f\u00f6rsvar. <\/p>\n<p>De kr\u00e4vde d\u00e5 f\u00f6rutom hans omedelbara frigivning 5 miljoner lira i skadest\u00e5nd.<\/p>\n<p>Nu efter att Medin sl\u00e4ppts fri \u00e4r strategin att f\u00e5 till en snabb dom och sedan dra Turkiet inf\u00f6r Europadomstolen.\u00a0<\/p>\n<p>F\u00f6r att den planen ska g\u00e5 i l\u00e5s kr\u00e4ver Medin nu i flera intervjuer att det svenska Justitiedepartementet s\u00e4ger \u201dja\u201d till Turkiets krav att f\u00e5 f\u00f6rh\u00f6ra honom i en svensk domstol d\u00e5 han annars \u201driskerar att bli internationellt efterlyst som terrorist\u201d.\u00a0<\/p>\n<p>H\u00e4r kan en tydlig krock sk\u00f6njas mellan de turkiska advokaternas offensiva strategi och den svenska regeringen \u2013 i hur man b\u00e4st st\u00e5r upp f\u00f6r pressfriheten och balanserar relationen till Turkiet.\u00a0F\u00f6r fr\u00e5gan \u00e4r inte helt enkel, vilket ocks\u00e5 ETC:s chefredakt\u00f6r ofta \u00e5terkommit till. <\/p>\n<p>Det \u00e4r inte heller f\u00f6rsta g\u00e5ngen en svensk regering m\u00e5ste v\u00e4ga pressfrihet mot diplomatiska h\u00e4nsyn. I juli 2003 framf\u00f6rdes en beg\u00e4ran fr\u00e5n Turkiet om internationell r\u00e4ttslig hj\u00e4lp riktat mot svenska journalister. \u00c5klagaren vid en domstol i Gazi ville att Justitiedepartementet skulle ge Tingsr\u00e4tten i G\u00f6teborg klartecken att h\u00e5lla f\u00f6rh\u00f6r med tv\u00e5 medarbetare fr\u00e5n tidningen Prolet\u00e4ren.<\/p>\n<p>Den turkiske \u00e5klagaren uppgav att de b\u00e5da riskerade tre \u00e5rs f\u00e4ngelse f\u00f6r \u201ddeltagande i en olaglig demonstration\u201d. D\u00e5 som nu protesterades det p\u00e5 Istanbuls gator och de b\u00e5da hade tv\u00e5 \u00e5r tidigare, den 26 juni 2001, gripits i en f\u00f6rort till Istanbul d\u00e4r de bevakade en demonstration till st\u00f6d f\u00f6r hungerstrejkande politiska f\u00e5ngar. <\/p>\n<p>De b\u00e5da satt tre dygn i utl\u00e4nningspolisens h\u00e4kte tillsammans med ett femtiotal personer i ett utrymme p\u00e5 35\u201340 kvadratmeter och fick under tiden h\u00f6ra om hur medf\u00e5ngar misshandlades.\u00a0<\/p>\n<p>Efter hemkomsten rapporterade tidningen Prolet\u00e4ren skriftligen till UD och kr\u00e4vde en protest mot Turkiets agerande. UD agerade och fr\u00e5gan lyftes p\u00e5 regeringsniv\u00e5. Annika Hahn-Englund, gruppchef f\u00f6r UD:s EU-enhet, skrev i ett mailsvar den 7 december 2001 \u2013\u00a0<a href=\"https:\/\/proletaren.se\/artikel\/inrikes-da-forsvarade-ud-pressfriheten\/\" rel=\"nofollow noopener\" target=\"_blank\">publicerat i Prolet\u00e4ren<\/a>\u00a0\u2013 att det intr\u00e4ffade var av \u201dallvarlig karakt\u00e4r\u201d och ett \u201dingrepp i pressfriheten\u201d vilket man i en not tagit upp med Turkiet.\u00a0<\/p>\n<p>Sveriges h\u00e5llning var tydlig: Gripandet och utvisningen bed\u00f6mdes som ett ingrepp i pressfriheten. Det skedde utan att ifr\u00e5gas\u00e4tta sj\u00e4lva reportageresan eller kontakterna med grupper som Turkiet definierade som terrorister.<\/p>\n<p>N\u00e4r Turkiet senare beg\u00e4rde att f\u00e5 h\u00e5lla f\u00f6rh\u00f6r i Sverige avgjordes \u00e4rendet av den socialdemokratiska regeringen. I beslutet fr\u00e5n den 12 februari 2004, undertecknat av justitieminister Thomas Bodstr\u00f6m, st\u00e5r det:<\/p>\n<p>\u201dMot bakgrund av de grundl\u00e4ggande fri- och r\u00e4ttigheter som fastslagits i regeringsformen skulle ett bifall till den turkiska framst\u00e4llningen strida mot svenska allm\u00e4nna r\u00e4ttsprinciper. Framst\u00e4llningen skall d\u00e4rf\u00f6r avsl\u00e5s\u2026\u201d<\/p>\n<p><img data-recalc-dims=\"1\" fetchpriority=\"high\" decoding=\"async\" width=\"1000\" height=\"1133\" data-attachment-id=\"69328\" data-permalink=\"https:\/\/blankspot.se\/gunnar-strommers-turkiska-dilemma\/faksimil\/\" data-orig-file=\"https:\/\/i0.wp.com\/blankspot.se\/wp-content\/uploads\/2026\/01\/faksimil.jpg?fit=1000%2C1133&amp;ssl=1\" data-orig-size=\"1000,1133\" data-comments-opened=\"0\" data-image-meta=\"{&quot;aperture&quot;:&quot;2.2&quot;,&quot;credit&quot;:&quot;&quot;,&quot;camera&quot;:&quot;iPhone 6s&quot;,&quot;caption&quot;:&quot;&quot;,&quot;created_timestamp&quot;:&quot;1654003293&quot;,&quot;copyright&quot;:&quot;&quot;,&quot;focal_length&quot;:&quot;4.15&quot;,&quot;iso&quot;:&quot;25&quot;,&quot;shutter_speed&quot;:&quot;0.01&quot;,&quot;title&quot;:&quot;&quot;,&quot;orientation&quot;:&quot;1&quot;}\" data-image-title=\"faksimil\" data-image-description=\"\" data-image-caption=\"\" data-medium-file=\"https:\/\/i0.wp.com\/blankspot.se\/wp-content\/uploads\/2026\/01\/faksimil.jpg?fit=635%2C720&amp;ssl=1\" data-large-file=\"https:\/\/i0.wp.com\/blankspot.se\/wp-content\/uploads\/2026\/01\/faksimil.jpg?fit=1000%2C1133&amp;ssl=1\" src=\"https:\/\/www.europesays.com\/se\/wp-content\/uploads\/2026\/01\/faksimil.jpg\" alt=\"\" class=\"wp-image-69328\" style=\"aspect-ratio:0.8826136923329503;width:807px;height:auto\"  \/><\/p>\n<p>Faksimil ur Prolet\u00e4ren 2001. Tv\u00e5 svenska journalister greps, f\u00e4ngslades och utvisades sedan efter att ha bevakat en demonstration i Istanbul till st\u00f6d f\u00f6r hungerstrejkande politiska f\u00e5ngar. H\u00e4ndelsen bed\u00f6mdes av UD som \u201dett ingrepp i pressfriheten\u201d och blev senare central i regeringens beslut att avsl\u00e5 Turkiets beg\u00e4ran om r\u00e4ttslig hj\u00e4lp.<\/p>\n<p>Det finns skillnader mellan \u00e5talet mot Medin och det mot Prolet\u00e4rens journalister. Men de allm\u00e4nna r\u00e4ttsprinciperna som d\u00e5 v\u00e4gde tungt, g\u00e4ller fortfarande: Sverige ville d\u00e5 inte \u00f6ppna Tingsr\u00e4ttens portar f\u00f6r att l\u00e5ta auktorit\u00e4ra regimer h\u00e5lla f\u00f6rh\u00f6r med journalister.\u00a0\u00a0<\/p>\n<p>Ett argument mot att avsl\u00e5 Turkiets beg\u00e4ran skulle vara att risken f\u00f6r att bli internationellt efterlyst d\u00e5 \u00f6kar. Men en s\u00e5dan efterlysning kan stoppas genom Interpols egna mekanismer, som uttryckligen ska f\u00f6rhindra politiskt motiverad r\u00e4ttsf\u00f6rf\u00f6ljelse.<\/p>\n<p><img loading=\"lazy\" data-recalc-dims=\"1\" decoding=\"async\" width=\"1440\" height=\"1080\" data-attachment-id=\"69333\" data-permalink=\"https:\/\/blankspot.se\/gunnar-strommers-turkiska-dilemma\/bf3-1106-2\/\" data-orig-file=\"https:\/\/i0.wp.com\/blankspot.se\/wp-content\/uploads\/2026\/01\/ICPO-Interpol_Lione-1.jpg?fit=2560%2C1920&amp;ssl=1\" data-orig-size=\"2560,1920\" data-comments-opened=\"0\" data-image-meta=\"{&quot;aperture&quot;:&quot;8&quot;,&quot;credit&quot;:&quot;&quot;,&quot;camera&quot;:&quot;BENQ DC2410&quot;,&quot;caption&quot;:&quot;BF3-1106&quot;,&quot;created_timestamp&quot;:&quot;1121517662&quot;,&quot;copyright&quot;:&quot;&quot;,&quot;focal_length&quot;:&quot;5.6&quot;,&quot;iso&quot;:&quot;100&quot;,&quot;shutter_speed&quot;:&quot;0.0027548209366391&quot;,&quot;title&quot;:&quot;BF3-1106&quot;,&quot;orientation&quot;:&quot;1&quot;}\" data-image-title=\"BF3-1106\" data-image-description=\"\" data-image-caption=\"&lt;p&gt;BF3-1106&lt;\/p&gt;&#10;\" data-medium-file=\"https:\/\/i0.wp.com\/blankspot.se\/wp-content\/uploads\/2026\/01\/ICPO-Interpol_Lione-1.jpg?fit=720%2C540&amp;ssl=1\" data-large-file=\"https:\/\/i0.wp.com\/blankspot.se\/wp-content\/uploads\/2026\/01\/ICPO-Interpol_Lione-1.jpg?fit=1440%2C1080&amp;ssl=1\" src=\"https:\/\/www.europesays.com\/se\/wp-content\/uploads\/2026\/01\/ICPO-Interpol_Lione-1.jpg\" alt=\"\" class=\"wp-image-69333\" style=\"width:804px;height:auto\"  \/><\/p>\n<p>Interpols centrala sekretariat i Lyon, ansvarigt f\u00f6r att utf\u00e4rda och kontrollera s\u00e5 kallade Red Notices \u2013 internationella efterlysningar som ofta ifr\u00e5gas\u00e4tts n\u00e4r de skickas av repressiva regimer.<\/p>\n<p>Att inte kunna rapportera i l\u00e4nder som man granskat \u00e4r en erfarenhet som Medin delar med en m\u00e4ngd kollegor och skulle Turkiet missbruka Interpol finns det fungerande mekanismer f\u00f6r att hantera det. <\/p>\n<p>N\u00e4r den svensk-turkiske journalisten Hamza Yalcin greps i Spanien 2018 efter en \u201dr\u00f6d notis\u201d hos Interpol utf\u00e4rdad av Turkiet, <a href=\"https:\/\/www.sverigesradio.se\/avsnitt\/1007735\" data-type=\"link\" data-id=\"https:\/\/www.sverigesradio.se\/avsnitt\/1007735\" rel=\"nofollow noopener\" target=\"_blank\">uppstod det direkt en debatt om att Turkiet anv\u00e4nder sig av Interpol f\u00f6r att jaga oppositionella utomlands<\/a>. Journalisten l\u00e4mnades d\u00e5 heller inte ut och Turkiet kritiserades f\u00f6r missbruket.\u00a0Enligt Interpols stadgar f\u00e5r organisationen inte anv\u00e4ndas f\u00f6r politiska syften.<\/p>\n<p>Efter en tid kunde Hamza Yalcin genom sin advokat i Spanien meddela att den \u201dr\u00f6da notisen\u201d <a href=\"https:\/\/www.aftonbladet.se\/nyheter\/a\/4dRnq9\/hamza-yalcin-inte-langre-efterlyst-av-interpol\" data-type=\"link\" data-id=\"https:\/\/www.aftonbladet.se\/nyheter\/a\/4dRnq9\/hamza-yalcin-inte-langre-efterlyst-av-interpol\" rel=\"nofollow noopener\" target=\"_blank\">mot honom var raderad och att han inte l\u00e4ngre var efters\u00f6kt av Interpol.<\/a><\/p>\n<p>L\u00f6sningen p\u00e5 Gunnar Str\u00f6mmers turkiska dilemma \u00e4r med andra ord inte s\u00e5 sj\u00e4lvklar som det f\u00f6rst kan verka.\u00a0Att s\u00e4ga nej \u00e4r ocks\u00e5 ett s\u00e4tt att st\u00e5 upp f\u00f6r pressfriheten. <\/p>\n<p>Vill du f\u00f6lja arbetet bakom kulisserna med artiklar och reportage s\u00e5 g\u00e5 med i<a href=\"https:\/\/blankspot.us10.list-manage.com\/track\/click?u=5849b04aaee7673b186a26c0f&amp;id=d7665e7c52&amp;e=ecc89b10ff\" target=\"_blank\" rel=\"noreferrer noopener nofollow\">\u00a0WhatsApp-grupp<\/a>en f\u00f6r Martin Schibbyes journalistik.\u00a0<\/p>\n<p>    Av <a href=\"https:\/\/blankspot.se\/author\/martin-schibbye-2\/\" title=\"Inl&#xE4;gg av Martin Schibbye\" rel=\"author nofollow noopener\" target=\"_blank\">Martin Schibbye<\/a> <\/p>\n","protected":false},"excerpt":{"rendered":"Regeringen hyllades f\u00f6r att ha f\u00e5tt hem Joakim Medin \u2013 men kritiken v\u00e4xer nu mot Justitiedepartementet som \u00e4nnu&hellip;\n","protected":false},"author":2,"featured_media":132695,"comment_status":"","ping_status":"","sticky":false,"template":"","format":"standard","meta":{"footnotes":""},"categories":[12],"tags":[22,23,26,27,17,21,24,25,28,29,15,16,18,34,31,33,32,30,19,20],"class_list":{"0":"post-132694","1":"post","2":"type-post","3":"status-publish","4":"format-standard","5":"has-post-thumbnail","7":"category-sverige","8":"tag-breaking-news","9":"tag-breakingnews","10":"tag-featured-news","11":"tag-featurednews","12":"tag-headlines","13":"tag-huvudnyheter","14":"tag-latest-news","15":"tag-latestnews","16":"tag-main-news","17":"tag-mainnews","18":"tag-news","19":"tag-nyheter","20":"tag-rubriker","21":"tag-se","22":"tag-svenska","23":"tag-sverige","24":"tag-sweden","25":"tag-swedish","26":"tag-top-stories","27":"tag-topstories"},"share_on_mastodon":{"url":"https:\/\/pubeurope.com\/@se\/115879127555318345","error":""},"_links":{"self":[{"href":"https:\/\/www.europesays.com\/se\/wp-json\/wp\/v2\/posts\/132694","targetHints":{"allow":["GET"]}}],"collection":[{"href":"https:\/\/www.europesays.com\/se\/wp-json\/wp\/v2\/posts"}],"about":[{"href":"https:\/\/www.europesays.com\/se\/wp-json\/wp\/v2\/types\/post"}],"author":[{"embeddable":true,"href":"https:\/\/www.europesays.com\/se\/wp-json\/wp\/v2\/users\/2"}],"replies":[{"embeddable":true,"href":"https:\/\/www.europesays.com\/se\/wp-json\/wp\/v2\/comments?post=132694"}],"version-history":[{"count":0,"href":"https:\/\/www.europesays.com\/se\/wp-json\/wp\/v2\/posts\/132694\/revisions"}],"wp:featuredmedia":[{"embeddable":true,"href":"https:\/\/www.europesays.com\/se\/wp-json\/wp\/v2\/media\/132695"}],"wp:attachment":[{"href":"https:\/\/www.europesays.com\/se\/wp-json\/wp\/v2\/media?parent=132694"}],"wp:term":[{"taxonomy":"category","embeddable":true,"href":"https:\/\/www.europesays.com\/se\/wp-json\/wp\/v2\/categories?post=132694"},{"taxonomy":"post_tag","embeddable":true,"href":"https:\/\/www.europesays.com\/se\/wp-json\/wp\/v2\/tags?post=132694"}],"curies":[{"name":"wp","href":"https:\/\/api.w.org\/{rel}","templated":true}]}}