{"id":132696,"date":"2026-01-11T23:45:10","date_gmt":"2026-01-11T23:45:10","guid":{"rendered":"https:\/\/www.europesays.com\/se\/132696\/"},"modified":"2026-01-11T23:45:10","modified_gmt":"2026-01-11T23:45:10","slug":"nytt-insamlingssystem-for-avfall-infors-sa-paverkas-du-ostersunds-posten","status":"publish","type":"post","link":"https:\/\/www.europesays.com\/se\/132696\/","title":{"rendered":"Nytt insamlingssystem f\u00f6r avfall inf\u00f6rs \u2013 s\u00e5 p\u00e5verkas du &#8211; \u00d6stersunds-Posten"},"content":{"rendered":"<ol>\n<li><a href=\"https:\/\/news.google.com\/rss\/articles\/CBMidkFVX3lxTE1XMjd2N1dWWHVzWFA0cnhhMmR5X1dxWkctdVVlcDQ3UW5NLUhUNWRneTlLeW5iTzExMno1WXFxMGFpczhsSHowUDhfczAtODRmMU5Gc1VmeV9rdjlsd1p6QVZRZmVobHJUdEUzT1FzN1lGaHB1R3c?oc=5\" target=\"_blank\" rel=\"nofollow noopener\">Nytt insamlingssystem f\u00f6r avfall inf\u00f6rs \u2013 s\u00e5 p\u00e5verkas du<\/a>&nbsp;&nbsp;\u00d6stersunds-Posten<\/li>\n<li><a href=\"https:\/\/news.google.com\/rss\/articles\/CBMihgFBVV95cUxOTHItR0ZOS0d0dV9lRkdMYklZQ2JfTlVma1BlZVg4TXFfU2R0alZtaWRlUEY4dHk5VmRaZDk5a2lUU25EMlRDdlRyc0ozM3dtakc5Wjdfc09VbFY5b0FzRTMtUkFFem1OOGppQU5CdHVjbmJ6NFBYS0ZiNEFjOGx6WXNCQkc3Zw?oc=5\" target=\"_blank\" rel=\"nofollow noopener\">(V) vill sl\u00e4nga upphandlingsbeslut i soporna<\/a>&nbsp;&nbsp;Sveriges Radio<\/li>\n<li><a href=\"https:\/\/news.google.com\/rss\/articles\/CBMirAFBVV95cUxPR3ZaRTlfczFQRjh6c1U3b0ZmMHMxNDJCMklVcFZxMERBdDN5N3EtbjB3Z0puckZrZGFSNkJyVTNsMk14UU94UDFjbzZ2dXg3MF9GTVA4ZW8tbXJQbERuczFmYVppR1dUVDFVMS1DUlJ6VDRJelR0cWJOdWJtSHNudWFMajZVRGVTNk8weXRLWTVoUzBKR1JMeWxmZVZlVVhxYUhhdTM1SzM0YTd3?oc=5\" target=\"_blank\" rel=\"nofollow noopener\">Startskottet g\u00e5r i S\u00e4vsj\u00f6 kommun &#8211; nu inf\u00f6rs N\u00e4rsorterat<\/a>&nbsp;&nbsp;NewsMachine AB<\/li>\n<li><a href=\"https:\/\/news.google.com\/rss\/articles\/CBMinAFBVV95cUxQelF1ZHFLLUl1YU02MVVEUmZZZE0zX0oyUTlWOXZXS2gzM3NTZzRsYWpGaGpYNFlDMjdaSjdvVTZNM3huZzYwMVByQXZHTmM5UGRoN0Yybm1TaGZFTHY4Nk5GMHhzQ1dOU21adWxQbkU3R3g4TXJCaVVzaUxtZ0pDRUdqbTVTaUZFZ05tU2dYejJQcUcyS2tnUldzemY?oc=5\" target=\"_blank\" rel=\"nofollow noopener\">Politikerna dumpade f\u00f6rslag \u2013 nu ska soph\u00e4mtningen upphandlas<\/a>&nbsp;&nbsp;Sveriges Radio<\/li>\n<li><a href=\"https:\/\/news.google.com\/rss\/articles\/CBMib0FVX3lxTE1kZjlFQmhfQ2xLX0dLanVDdk4yeTdnUmJaRGZSdERzRWxTSVBfMjBwd3hXZHpwcVFtbW5IX015cFdvWlBxYVB5c0Y1UjBsRmdYX3h5WkNpYkRqdXh4d0ptQVhyeE5wOFBhODR1QkVJbw?oc=5\" target=\"_blank\" rel=\"nofollow noopener\">INS\u00c4NDARE: V: Privatisera inte avfallshanteringen<\/a>&nbsp;&nbsp;\u00d6stersunds-Posten<\/li>\n<\/ol>\n","protected":false},"excerpt":{"rendered":"Nytt insamlingssystem f\u00f6r avfall inf\u00f6rs \u2013 s\u00e5 p\u00e5verkas du&nbsp;&nbsp;\u00d6stersunds-Posten (V) vill sl\u00e4nga upphandlingsbeslut i soporna&nbsp;&nbsp;Sveriges Radio Startskottet g\u00e5r&hellip;\n","protected":false},"author":2,"featured_media":132697,"comment_status":"","ping_status":"","sticky":false,"template":"","format":"standard","meta":{"footnotes":""},"categories":[5],"tags":[22,23,26,27,17,21,24,25,28,29,15,16,18,34,31,33,32,30,19,20],"class_list":{"0":"post-132696","1":"post","2":"type-post","3":"status-publish","4":"format-standard","5":"has-post-thumbnail","7":"category-rubriker","8":"tag-breaking-news","9":"tag-breakingnews","10":"tag-featured-news","11":"tag-featurednews","12":"tag-headlines","13":"tag-huvudnyheter","14":"tag-latest-news","15":"tag-latestnews","16":"tag-main-news","17":"tag-mainnews","18":"tag-news","19":"tag-nyheter","20":"tag-rubriker","21":"tag-se","22":"tag-svenska","23":"tag-sverige","24":"tag-sweden","25":"tag-swedish","26":"tag-top-stories","27":"tag-topstories"},"share_on_mastodon":{"url":"https:\/\/pubeurope.com\/@se\/115879131385934677","error":""},"_links":{"self":[{"href":"https:\/\/www.europesays.com\/se\/wp-json\/wp\/v2\/posts\/132696","targetHints":{"allow":["GET"]}}],"collection":[{"href":"https:\/\/www.europesays.com\/se\/wp-json\/wp\/v2\/posts"}],"about":[{"href":"https:\/\/www.europesays.com\/se\/wp-json\/wp\/v2\/types\/post"}],"author":[{"embeddable":true,"href":"https:\/\/www.europesays.com\/se\/wp-json\/wp\/v2\/users\/2"}],"replies":[{"embeddable":true,"href":"https:\/\/www.europesays.com\/se\/wp-json\/wp\/v2\/comments?post=132696"}],"version-history":[{"count":0,"href":"https:\/\/www.europesays.com\/se\/wp-json\/wp\/v2\/posts\/132696\/revisions"}],"wp:featuredmedia":[{"embeddable":true,"href":"https:\/\/www.europesays.com\/se\/wp-json\/wp\/v2\/media\/132697"}],"wp:attachment":[{"href":"https:\/\/www.europesays.com\/se\/wp-json\/wp\/v2\/media?parent=132696"}],"wp:term":[{"taxonomy":"category","embeddable":true,"href":"https:\/\/www.europesays.com\/se\/wp-json\/wp\/v2\/categories?post=132696"},{"taxonomy":"post_tag","embeddable":true,"href":"https:\/\/www.europesays.com\/se\/wp-json\/wp\/v2\/tags?post=132696"}],"curies":[{"name":"wp","href":"https:\/\/api.w.org\/{rel}","templated":true}]}}