{"id":132699,"date":"2026-01-11T23:53:11","date_gmt":"2026-01-11T23:53:11","guid":{"rendered":"https:\/\/www.europesays.com\/se\/132699\/"},"modified":"2026-01-11T23:53:11","modified_gmt":"2026-01-11T23:53:11","slug":"polisens-fraga-om-forsvunna-hanna-i-uddevalla","status":"publish","type":"post","link":"https:\/\/www.europesays.com\/se\/132699\/","title":{"rendered":"Polisens fr\u00e5ga om f\u00f6rsvunna Hanna i Uddevalla"},"content":{"rendered":"<p>Publicerad 11 jan 2026 kl 21.14<\/p>\n<p>S\u00f6kandet efter f\u00f6rsvunna Hanna i Uddevalla forts\u00e4tter. Men den stora r\u00e4ddningsinsatsen i skogen har sedan l\u00f6rdagseftermiddagen trappats ner.<\/p>\n<p>\u2013 Nu st\u00e4ller vi oss fr\u00e5gan, om hon inte \u00e4r i omr\u00e5det, var \u00e4r hon d\u00e5, s\u00e4ger presstalesperson polisregion V\u00e4st.\u00a0<\/p>\n<p>F\u00f6rsvarsmakten och frivillig-organisationer hj\u00e4lper i s\u00f6karbetet.<img loading=\"lazy\"   alt=\"\"\/><\/p>\n<p>Hanna.<\/p>\n<p>Foto: Polisen<\/p>\n<p>\u00d6ppna bild i helsk\u00e4rm<img loading=\"lazy\"   alt=\"\"\/><\/p>\n<p>S\u00f6kandet efter f\u00f6rsvunna Hanna i Uddevalla forts\u00e4tter.<\/p>\n<p>Foto: UB FOTO<\/p>\n<p>\u00d6ppna bild i helsk\u00e4rm<\/p>\n<p>I fyra dagar p\u00e5gick den stora r\u00e4ddningsinsatsen i ett skogsomr\u00e5de i <a href=\"https:\/\/www.expressen.se\/tagg\/location\/uddevalla\/\" class=\"\" rel=\"nofollow noopener\" target=\"_blank\">Uddevalla<\/a> f\u00f6r att hitta f\u00f6rsvunna Hanna.\u00a0<\/p>\n<p>Sedan l\u00f6rdagseftermiddagen har det s\u00f6kandet trappats ner och polisen f\u00e5r inte l\u00e4ngre hj\u00e4lp av r\u00e4ddningstj\u00e4nst och F\u00f6rsvarsmakten.\u00a0<\/p>\n<p>\u2013 Nu har vi s\u00f6kt av omr\u00e5det i s\u00e5 stor procent att vi bed\u00f6mer det som genoms\u00f6kt och att hon inte finns d\u00e4r. Men polisen och frivilligorganisationer forts\u00e4tter att arbeta och har varit p\u00e5 plats i dag, men vi har inte alls samma resurser p\u00e5 plats i omr\u00e5det som de senaste dagarna, s\u00e4ger Jennifer Last presstalesperson polisregion V\u00e4st.\u00a0<\/p>\n<p>Den st\u00f6rsta skillnaden fr\u00e5n tidigare dagar \u00e4r att polisen nu flyttar fokus, letar p\u00e5 andra st\u00e4llen, andra s\u00e4tt och i andra kanaler.<\/p>\n<p>De jobbar med tips som kommit in och pratar med anh\u00f6riga, bekanta och andra som kan veta n\u00e5gonting, s\u00e4ger Last. Men i nul\u00e4get har polisen ingen alternativ s\u00f6kplats och ingen ny l\u00e4gesbild.\u00a0<\/p>\n<p>\u2013 Alla k\u00e4mpar och sliter d\u00e4r ute och med utredningen. Vi drar i alla halmstr\u00e5n vi kommer \u00e5t och g\u00f6r det vi kan f\u00f6r att hitta henne, s\u00e4ger Jennifer Last.\u00a0<\/p>\n<p>Tipsa polisen<\/p>\n<p>Hanna s\u00e5gs senast i centrala Uddevalla den 6 januari. Vid f\u00f6rsvinnandet hade Hanna, som \u00e4r 166 centimeter l\u00e5ng, p\u00e5 sig jeans om en brun tr\u00f6ja. Om man har upplysningar eller tips ska man kontakta polisen p\u00e5 114 14. \u00c4r l\u00e4get akut ska man ringa 112.<\/p>\n<p>F\u00f6rsvunna Hanna<\/p>\n<p> 18-\u00e5riga Hanna har varit f\u00f6rsvunnen sedan den 6 januari.\u00a0<\/p>\n<p> Efter kl\u00e4des i ett skogsomr\u00e5de inleddes en stor r\u00e4ddningsinsats p\u00e5 onsdagen och hundratals personer fr\u00e5n polis, r\u00e4ddningstj\u00e4nst, F\u00f6rsvarsmakt och frivilligorganisationer har genoms\u00f6kt omr\u00e5det.\u00a0<\/p>\n<p> P\u00e5 fredagen startade polisen en mordutredning f\u00f6r att kunna f\u00e5 fler befogenheter i s\u00f6kinsatsen. Men ingenting tyder p\u00e5 att n\u00e5got brottsligt ligger bakom Hannas f\u00f6rsvinnande.\u00a0<\/p>\n<p> P\u00e5 l\u00f6rdagseftermiddagen trappades r\u00e4ddningsinsatsen ner.\u00a0<\/p>\n<p> Polisen forts\u00e4tter s\u00f6ka i omr\u00e5det men i mindre skala och fokuserar p\u00e5 andra kanaler.\u00a0<\/p>\n<p>Visa mer<strong>L\u00c4S MER: <\/strong><a href=\"https:\/\/www.expressen.se\/nyheter\/sverige\/soker-efter-forsvunna-hanna-i-uddevalla--sno-forsvarar\/\" class=\"\" rel=\"nofollow noopener\" target=\"_blank\">Hanna fortsatt f\u00f6rsvunnen i Uddevalla \u2013\u00a0sn\u00f6 f\u00f6rsv\u00e5rar<\/a><\/p>\n","protected":false},"excerpt":{"rendered":"Publicerad 11 jan 2026 kl 21.14 S\u00f6kandet efter f\u00f6rsvunna Hanna i Uddevalla forts\u00e4tter. Men den stora r\u00e4ddningsinsatsen i&hellip;\n","protected":false},"author":2,"featured_media":132700,"comment_status":"","ping_status":"","sticky":false,"template":"","format":"standard","meta":{"footnotes":""},"categories":[5],"tags":[22,23,26,27,17,21,24,25,2294,28,29,15,16,18,34,154,31,33,32,30,19,3585,20],"class_list":{"0":"post-132699","1":"post","2":"type-post","3":"status-publish","4":"format-standard","5":"has-post-thumbnail","7":"category-rubriker","8":"tag-breaking-news","9":"tag-breakingnews","10":"tag-featured-news","11":"tag-featurednews","12":"tag-headlines","13":"tag-huvudnyheter","14":"tag-latest-news","15":"tag-latestnews","16":"tag-location-uddevalla","17":"tag-main-news","18":"tag-mainnews","19":"tag-news","20":"tag-nyheter","21":"tag-rubriker","22":"tag-se","23":"tag-sections-sverige","24":"tag-svenska","25":"tag-sverige","26":"tag-sweden","27":"tag-swedish","28":"tag-top-stories","29":"tag-topic-forsvunna-personer","30":"tag-topstories"},"share_on_mastodon":{"url":"https:\/\/pubeurope.com\/@se\/115879162913307343","error":""},"_links":{"self":[{"href":"https:\/\/www.europesays.com\/se\/wp-json\/wp\/v2\/posts\/132699","targetHints":{"allow":["GET"]}}],"collection":[{"href":"https:\/\/www.europesays.com\/se\/wp-json\/wp\/v2\/posts"}],"about":[{"href":"https:\/\/www.europesays.com\/se\/wp-json\/wp\/v2\/types\/post"}],"author":[{"embeddable":true,"href":"https:\/\/www.europesays.com\/se\/wp-json\/wp\/v2\/users\/2"}],"replies":[{"embeddable":true,"href":"https:\/\/www.europesays.com\/se\/wp-json\/wp\/v2\/comments?post=132699"}],"version-history":[{"count":0,"href":"https:\/\/www.europesays.com\/se\/wp-json\/wp\/v2\/posts\/132699\/revisions"}],"wp:featuredmedia":[{"embeddable":true,"href":"https:\/\/www.europesays.com\/se\/wp-json\/wp\/v2\/media\/132700"}],"wp:attachment":[{"href":"https:\/\/www.europesays.com\/se\/wp-json\/wp\/v2\/media?parent=132699"}],"wp:term":[{"taxonomy":"category","embeddable":true,"href":"https:\/\/www.europesays.com\/se\/wp-json\/wp\/v2\/categories?post=132699"},{"taxonomy":"post_tag","embeddable":true,"href":"https:\/\/www.europesays.com\/se\/wp-json\/wp\/v2\/tags?post=132699"}],"curies":[{"name":"wp","href":"https:\/\/api.w.org\/{rel}","templated":true}]}}