{"id":132703,"date":"2026-01-12T00:01:16","date_gmt":"2026-01-12T00:01:16","guid":{"rendered":"https:\/\/www.europesays.com\/se\/132703\/"},"modified":"2026-01-12T00:01:16","modified_gmt":"2026-01-12T00:01:16","slug":"regeringen-har-fortsatt-fortroende-for-usa-som-allierad","status":"publish","type":"post","link":"https:\/\/www.europesays.com\/se\/132703\/","title":{"rendered":"Regeringen har fortsatt f\u00f6rtroende f\u00f6r USA som allierad"},"content":{"rendered":"<p>S\u00c4LEN. Trots utspelen om Gr\u00f6nland fr\u00e5n den amerikanska administrationen har statsminister Ulf Kristersson (M) fortsatt f\u00f6rtroende f\u00f6r USA som milit\u00e4rt allierad.\u00a0<\/p>\n<p>\u2013 Ja, jag tycker vi har sk\u00e4l att lita p\u00e5 USA som allierad, men vi har lika starka sk\u00e4l att vara kritiska mot det s\u00e4tt som USA nu uttrycker sig mot framf\u00f6rallt Danmark och Gr\u00f6nland. Det \u00e4r respektl\u00f6st och det f\u00f6rtj\u00e4nar inte Danmark och vi st\u00e5r helt och fullt upp bakom Danmark, s\u00e4ger han till Altinget.\u00a0<\/p>\n<p>Socialdemokraternas f\u00f6rsvarspolitiska talesperson Peter Hultqvist s\u00e4ger till Altinget att Sverige och EU nu b\u00f6r inleda diskussioner om hur man konkret kan st\u00f6tta Gr\u00f6nland, genom exempelvis investeringar i infrastruktur eller utbildning.<\/p>\n<p>\u2013 Nu g\u00e5r det inte att luta sig tillbaka och s\u00e4ga att man \u00e4r n\u00f6jd med vad man har gjort. Nu \u00e4r det fr\u00e5gan om vad EU t\u00e4nker g\u00f6ra f\u00f6r att markera att Danmark \u00e4r ett EU-land, s\u00e4ger han.\u00a0<\/p>\n<p>\u201dLigger hos Danmark och Gr\u00f6nland\u201d<\/p>\n<p>Ulf Kristersson anser att den typen av initiativ m\u00e5ste komma fr\u00e5n Danmark.\u00a0<\/p>\n<p>\u2013\u00a0Vi har ju varit mycket noga med att det \u00e4r Danmark och Gr\u00f6nland som fattar besluten om vad de beh\u00f6ver. De \u00e4r inte betj\u00e4nta av att andra l\u00e4nder b\u00f6rjar hitta p\u00e5 saker \u00e5t dem. Hittills har vi i varje steg och under en ganska l\u00e5ng tid gjort precis det som Danmark\u00a0har uttryckt \u00f6nskem\u00e5l om och s\u00e5 kommer vi forts\u00e4tta.\u00a0<\/p>\n<p><strong>Finns det n\u00e5gonting d\u00e4r den svenska f\u00f6rsvarsmakten borde ta h\u00f6jd f\u00f6r en annan situation d\u00e4r USA inte \u00e4r med i Nato?<\/strong><\/p>\n<p>\u2013 Nej, vi ska inte dra n\u00e5gra f\u00f6rhastade slutsatser nu.\u00a0<\/p>\n<p>P\u00e5verkar inte s\u00e4kerhetsl\u00e4get\u00a0<\/p>\n<p>F\u00f6rsvarsminister P\u00e5l Jonson (M) menar att utspelen fr\u00e5n den amerikanska administrationen inte haft n\u00e5got direkt p\u00e5verkan p\u00e5 s\u00e4kerhetsl\u00e4get i v\u00e4rlden.\u00a0<\/p>\n<p>\u2013 Det som framf\u00f6rallt skapar os\u00e4kerhet \u00e4r Rysslands fullskaliga invasion av Ukraina, s\u00e4ttet som man bedriver kriget i Ukraina och att man v\u00e5ldsamt har eskalerat det under det senaste halv\u00e5ret, s\u00e4ger han till Altinget och till\u00e4gger:\u00a0<\/p>\n<p>\u2013 Men tycker vi olika som vi g\u00f6r nu med USA s\u00e5 kommer vi att p\u00e5tala det naturligtvis.<\/p>\n<p><strong>Hur ser du p\u00e5 Natos styrka i dag, sett till att USA faktiskt har hotat med att l\u00e4mna om man inte f\u00e5r Gr\u00f6nland?<\/strong><\/p>\n<p>\u2013 Natos styrka \u00e4r starkare \u00e4n p\u00e5 m\u00e5nga \u00e5rtionden, om man tittar p\u00e5 den milit\u00e4ra n\u00e4rvaron som finns fr\u00e5n den amerikanska sidan s\u00e5 ligger den p\u00e5 \u00f6ver 85 000 soldater. Om man tittar p\u00e5 sj\u00f6sidskrafterna och luftstridskrafterna s\u00e5 \u00e4r de ocks\u00e5 omfattande, s\u00e5 det milit\u00e4ra samarbetet g\u00e5r bra, s\u00e4ger P\u00e5l Jonson.\u00a0<\/p>\n<p><strong>Har du haft n\u00e5gon kontakt med din motsvarighet i USA efter de h\u00e4r nya utspelen ang\u00e5ende Gr\u00f6nland?<\/strong><\/p>\n<p>\u2013 Nej, jag har inte haft n\u00e5gra kontakter med den amerikanska administrationen i n\u00e4rtid.\u00a0<\/p>\n","protected":false},"excerpt":{"rendered":"S\u00c4LEN. Trots utspelen om Gr\u00f6nland fr\u00e5n den amerikanska administrationen har statsminister Ulf Kristersson (M) fortsatt f\u00f6rtroende f\u00f6r USA&hellip;\n","protected":false},"author":2,"featured_media":132704,"comment_status":"","ping_status":"","sticky":false,"template":"","format":"standard","meta":{"footnotes":""},"categories":[5],"tags":[22,23,26,27,17,21,24,25,28,29,15,16,18,34,31,33,32,30,19,20],"class_list":{"0":"post-132703","1":"post","2":"type-post","3":"status-publish","4":"format-standard","5":"has-post-thumbnail","7":"category-rubriker","8":"tag-breaking-news","9":"tag-breakingnews","10":"tag-featured-news","11":"tag-featurednews","12":"tag-headlines","13":"tag-huvudnyheter","14":"tag-latest-news","15":"tag-latestnews","16":"tag-main-news","17":"tag-mainnews","18":"tag-news","19":"tag-nyheter","20":"tag-rubriker","21":"tag-se","22":"tag-svenska","23":"tag-sverige","24":"tag-sweden","25":"tag-swedish","26":"tag-top-stories","27":"tag-topstories"},"share_on_mastodon":{"url":"https:\/\/pubeurope.com\/@se\/115879194290801780","error":""},"_links":{"self":[{"href":"https:\/\/www.europesays.com\/se\/wp-json\/wp\/v2\/posts\/132703","targetHints":{"allow":["GET"]}}],"collection":[{"href":"https:\/\/www.europesays.com\/se\/wp-json\/wp\/v2\/posts"}],"about":[{"href":"https:\/\/www.europesays.com\/se\/wp-json\/wp\/v2\/types\/post"}],"author":[{"embeddable":true,"href":"https:\/\/www.europesays.com\/se\/wp-json\/wp\/v2\/users\/2"}],"replies":[{"embeddable":true,"href":"https:\/\/www.europesays.com\/se\/wp-json\/wp\/v2\/comments?post=132703"}],"version-history":[{"count":0,"href":"https:\/\/www.europesays.com\/se\/wp-json\/wp\/v2\/posts\/132703\/revisions"}],"wp:featuredmedia":[{"embeddable":true,"href":"https:\/\/www.europesays.com\/se\/wp-json\/wp\/v2\/media\/132704"}],"wp:attachment":[{"href":"https:\/\/www.europesays.com\/se\/wp-json\/wp\/v2\/media?parent=132703"}],"wp:term":[{"taxonomy":"category","embeddable":true,"href":"https:\/\/www.europesays.com\/se\/wp-json\/wp\/v2\/categories?post=132703"},{"taxonomy":"post_tag","embeddable":true,"href":"https:\/\/www.europesays.com\/se\/wp-json\/wp\/v2\/tags?post=132703"}],"curies":[{"name":"wp","href":"https:\/\/api.w.org\/{rel}","templated":true}]}}