{"id":132705,"date":"2026-01-12T00:03:10","date_gmt":"2026-01-12T00:03:10","guid":{"rendered":"https:\/\/www.europesays.com\/se\/132705\/"},"modified":"2026-01-12T00:03:10","modified_gmt":"2026-01-12T00:03:10","slug":"real-madrid-miss-i-startelvan-spanien","status":"publish","type":"post","link":"https:\/\/www.europesays.com\/se\/132705\/","title":{"rendered":"Real Madrid-miss i startelvan &#8211; Spanien"},"content":{"rendered":"<p>Real Madrid st\u00e4lldes under s\u00f6ndagskv\u00e4llen mot Barcelona i finalen i spanska supercupen i Saudiarabien. Inf\u00f6r matchen gick &#8221;Mar\u00e4ngerna&#8221; ut med att offensive mittf\u00e4ltaren Arda G\u00fcler skulle starta, men senare bekr\u00e4ftade storklubben att det skett ett misstag.<\/p>\n<p>&#8221;Mar\u00e4ngerna&#8221; meddelade att Gonzalo Garcia skulle starta i st\u00e4llet f\u00f6r G\u00fcler, som allts\u00e5 var uttagen i storklubbens ursprungliga elva. <\/p>\n<p>Garcia imponerade nyligen med ett hattrick i 5-1-segern mot Real Betis p\u00e5 hemmaplan i La Liga. Den h\u00e4r s\u00e4songen \u00e4r han noterad f\u00f6r tre m\u00e5l och en assist p\u00e5 20 matcher med Real Madrid. <\/p>\n<p><strong>Real Madrids startelva: <\/strong>Courtois &#8211; Valverde, Asencio, Huijsen, Carreras &#8211; Tchouameni, Camavinga, Bellingham &#8211; Rodrygo, Garcia, Vinicius Junior. <\/p>\n","protected":false},"excerpt":{"rendered":"Real Madrid st\u00e4lldes under s\u00f6ndagskv\u00e4llen mot Barcelona i finalen i spanska supercupen i Saudiarabien. Inf\u00f6r matchen gick &#8221;Mar\u00e4ngerna&#8221;&hellip;\n","protected":false},"author":2,"featured_media":132706,"comment_status":"","ping_status":"","sticky":false,"template":"","format":"standard","meta":{"footnotes":""},"categories":[68],"tags":[34,111,110,31,33,32,30],"class_list":{"0":"post-132705","1":"post","2":"type-post","3":"status-publish","4":"format-standard","5":"has-post-thumbnail","7":"category-sport","8":"tag-se","9":"tag-sport","10":"tag-sports","11":"tag-svenska","12":"tag-sverige","13":"tag-sweden","14":"tag-swedish"},"share_on_mastodon":{"url":"https:\/\/pubeurope.com\/@se\/115879202172679044","error":""},"_links":{"self":[{"href":"https:\/\/www.europesays.com\/se\/wp-json\/wp\/v2\/posts\/132705","targetHints":{"allow":["GET"]}}],"collection":[{"href":"https:\/\/www.europesays.com\/se\/wp-json\/wp\/v2\/posts"}],"about":[{"href":"https:\/\/www.europesays.com\/se\/wp-json\/wp\/v2\/types\/post"}],"author":[{"embeddable":true,"href":"https:\/\/www.europesays.com\/se\/wp-json\/wp\/v2\/users\/2"}],"replies":[{"embeddable":true,"href":"https:\/\/www.europesays.com\/se\/wp-json\/wp\/v2\/comments?post=132705"}],"version-history":[{"count":0,"href":"https:\/\/www.europesays.com\/se\/wp-json\/wp\/v2\/posts\/132705\/revisions"}],"wp:featuredmedia":[{"embeddable":true,"href":"https:\/\/www.europesays.com\/se\/wp-json\/wp\/v2\/media\/132706"}],"wp:attachment":[{"href":"https:\/\/www.europesays.com\/se\/wp-json\/wp\/v2\/media?parent=132705"}],"wp:term":[{"taxonomy":"category","embeddable":true,"href":"https:\/\/www.europesays.com\/se\/wp-json\/wp\/v2\/categories?post=132705"},{"taxonomy":"post_tag","embeddable":true,"href":"https:\/\/www.europesays.com\/se\/wp-json\/wp\/v2\/tags?post=132705"}],"curies":[{"name":"wp","href":"https:\/\/api.w.org\/{rel}","templated":true}]}}