{"id":132711,"date":"2026-01-12T00:19:00","date_gmt":"2026-01-12T00:19:00","guid":{"rendered":"https:\/\/www.europesays.com\/se\/132711\/"},"modified":"2026-01-12T00:19:00","modified_gmt":"2026-01-12T00:19:00","slug":"passa-pa-att-aka-skidor-i-helgen","status":"publish","type":"post","link":"https:\/\/www.europesays.com\/se\/132711\/","title":{"rendered":"Passa p\u00e5 att \u00e5ka skidor i helgen!"},"content":{"rendered":"<p><strong>Den h\u00e4r helgen bjuder p\u00e5 fantastiskt vinterv\u00e4der och skidf\u00f6re. Har du inga egna skidor, s\u00e5 finns det att l\u00e5na p\u00e5 Sp\u00e5nga IP.<\/strong><\/p>\n<p>Varje dag under hela jullovet har Rinkeby Run haft instrukt\u00f6rer p\u00e5 Sp\u00e5nga IP mellan 12-16 och de forts\u00e4tter under helgerna hela vintern.<\/p>\n<p>Numera finns flera sp\u00e5r att v\u00e4lja mellan p\u00e5 Sp\u00e5nga IP. Antingen k\u00f6r du runt, runt, de 400 metrarna inne p\u00e5 stadion. Eller s\u00e5 kan du ta kilometerslingan som finns sp\u00e5rad och klar ute p\u00e5 f\u00e4ltet mellan Sp\u00e5nga IP och Tensta.<\/p>\n<p><a href=\"https:\/\/via.tt.se\/pressmeddelande\/4205091\/nu-oppnar-skidspar-runt-om-i-stockholm?publisherId=1213538&amp;lang=sv\" rel=\"nofollow noopener\" target=\"_blank\">Stockholms stad har dragit skidsp\u00e5r p\u00e5 flera platser runt om i staden<\/a>, men i J\u00e4rva stadsdelsomr\u00e5det \u00e4r det bara sp\u00e5ren vid Sp\u00e5nga IP som n\u00e4mns.<\/p>\n<p>Men enligt uppgift finns skidsp\u00e5r vid H\u00e4sta g\u00e5rd, som arrendatorn Anders Str\u00f6m ansvarar f\u00f6r.<\/p>\n<p><strong>Kerstin Gustafsson Figueroa<\/strong><\/p>\n<p><img loading=\"lazy\" decoding=\"async\" width=\"576\" height=\"1024\" src=\"https:\/\/www.europesays.com\/se\/wp-content\/uploads\/2026\/01\/skidor-januari-2026-1-576x1024.jpg\" alt=\"\" class=\"wp-image-134504\"  \/>Bildbevis p\u00e5 att reportern var p\u00e5 plats.\n<\/p>\n<p>                    <a href=\"#\" rel=\"nofollow\" onclick=\"window.print(); return false;\" title=\"Printer Friendly, PDF &amp; Email\"><br \/>\n                    <img decoding=\"async\" class=\"pf-button-img\" src=\"https:\/\/www.europesays.com\/se\/wp-content\/uploads\/2025\/08\/printfriendly-pdf-button-nobg-md.png\" alt=\"Print Friendly, PDF &amp; Email\" style=\"width: 124px;height: 30px;\"\/><br \/>\n                    <\/a><\/p>\n","protected":false},"excerpt":{"rendered":"Den h\u00e4r helgen bjuder p\u00e5 fantastiskt vinterv\u00e4der och skidf\u00f6re. Har du inga egna skidor, s\u00e5 finns det att&hellip;\n","protected":false},"author":2,"featured_media":132712,"comment_status":"","ping_status":"","sticky":false,"template":"","format":"standard","meta":{"footnotes":""},"categories":[5],"tags":[22,23,26,27,13516,17,21,1429,13517,13518,24,25,28,29,15,16,12178,18,34,12625,13519,31,33,32,30,19,1432,20],"class_list":{"0":"post-132711","1":"post","2":"type-post","3":"status-publish","4":"format-standard","5":"has-post-thumbnail","7":"category-rubriker","8":"tag-breaking-news","9":"tag-breakingnews","10":"tag-featured-news","11":"tag-featurednews","12":"tag-hasta-gard","13":"tag-headlines","14":"tag-huvudnyheter","15":"tag-jarva","16":"tag-jarvafaltet","17":"tag-langdakning","18":"tag-latest-news","19":"tag-latestnews","20":"tag-main-news","21":"tag-mainnews","22":"tag-news","23":"tag-nyheter","24":"tag-rinkeby-run","25":"tag-rubriker","26":"tag-se","27":"tag-skidor","28":"tag-spanga-ip","29":"tag-svenska","30":"tag-sverige","31":"tag-sweden","32":"tag-swedish","33":"tag-top-stories","34":"tag-topp","35":"tag-topstories"},"share_on_mastodon":{"url":"https:\/\/pubeurope.com\/@se\/115879265097640065","error":""},"_links":{"self":[{"href":"https:\/\/www.europesays.com\/se\/wp-json\/wp\/v2\/posts\/132711","targetHints":{"allow":["GET"]}}],"collection":[{"href":"https:\/\/www.europesays.com\/se\/wp-json\/wp\/v2\/posts"}],"about":[{"href":"https:\/\/www.europesays.com\/se\/wp-json\/wp\/v2\/types\/post"}],"author":[{"embeddable":true,"href":"https:\/\/www.europesays.com\/se\/wp-json\/wp\/v2\/users\/2"}],"replies":[{"embeddable":true,"href":"https:\/\/www.europesays.com\/se\/wp-json\/wp\/v2\/comments?post=132711"}],"version-history":[{"count":0,"href":"https:\/\/www.europesays.com\/se\/wp-json\/wp\/v2\/posts\/132711\/revisions"}],"wp:featuredmedia":[{"embeddable":true,"href":"https:\/\/www.europesays.com\/se\/wp-json\/wp\/v2\/media\/132712"}],"wp:attachment":[{"href":"https:\/\/www.europesays.com\/se\/wp-json\/wp\/v2\/media?parent=132711"}],"wp:term":[{"taxonomy":"category","embeddable":true,"href":"https:\/\/www.europesays.com\/se\/wp-json\/wp\/v2\/categories?post=132711"},{"taxonomy":"post_tag","embeddable":true,"href":"https:\/\/www.europesays.com\/se\/wp-json\/wp\/v2\/tags?post=132711"}],"curies":[{"name":"wp","href":"https:\/\/api.w.org\/{rel}","templated":true}]}}