{"id":132713,"date":"2026-01-12T00:27:33","date_gmt":"2026-01-12T00:27:33","guid":{"rendered":"https:\/\/www.europesays.com\/se\/132713\/"},"modified":"2026-01-12T00:27:33","modified_gmt":"2026-01-12T00:27:33","slug":"varannan-svensk-vill-se-mer-vapen-till-ukraina","status":"publish","type":"post","link":"https:\/\/www.europesays.com\/se\/132713\/","title":{"rendered":"Varannan svensk vill se mer vapen till Ukraina"},"content":{"rendered":"<p class=\"boxtextgrotesk-root_baa6 hyperion-css-7pajle\">Publicerad 2026-01-11 07.12<\/p>\n<p>share-arrowDela<\/p>\n<p>unsaveSpara<\/p>\n<p>expand-left<\/p>\n<p>helsk\u00e4rm<img decoding=\"async\" class=\"image-asset hyperion-css-u06ts1\" data-test-tag=\"image-asset\" src=\"https:\/\/www.europesays.com\/se\/wp-content\/uploads\/2026\/01\/d2b74f3b-d865-489a-8209-152f9be527ed.jpeg\"  alt=\"55 procent av svenskarna \u00e4r positiva till att fortsatt skicka vapen till Ukraina, visar en unders\u00f6kning. Bild fr\u00e5n en \u00f6vning n\u00e4ra fronten i regionen Zaporizjzja den 4 januari.\"  loading=\"eager\" fetchpriority=\"high\" style=\"aspect-ratio:1900 \/ 1267\"\/>55 procent av svenskarna \u00e4r positiva till att fortsatt skicka vapen till Ukraina, visar en unders\u00f6kning. Bild fr\u00e5n en \u00f6vning n\u00e4ra fronten i regionen Zaporizjzja den 4 januari. Foto: Andriyj Andrijenko\/Ukrainas Milit\u00e4r Via AP\/TT<\/p>\n<p class=\"hyperion-css-1shl3oz\" data-test-tag=\"lead-text\">Det finns fortsatt starkt st\u00f6d bland svenskar f\u00f6r att skicka mer vapen till krigsdrabbade Ukraina, visar en opinionsunders\u00f6kning av Indikator f\u00f6r Sveriges Radio Ekot.<\/p>\n<p class=\"hyperion-css-1v9qo5x\">I unders\u00f6kningen intervjuades \u00f6ver 2\u00a0700 svenskar, d\u00e4r 55 procent var positiva till fortsatta vapenleveranser medan 15 procent var emot. St\u00f6det \u00e4r st\u00f6rst bland svenskar \u00f6ver 50 \u00e5r.<\/p>\n<p class=\"hyperion-css-1v9qo5x\">\u2013 Vi ser inga j\u00e4ttetydliga skillnader kopplade till partival, s\u00e4ger Per Oleskog Tryggvason, opinionschef vid Indikator Opinion, till radion.<\/p>\n<p class=\"hyperion-css-1v9qo5x\">25 procent av de tillfr\u00e5gade anser att det \u00e4r ett ganska eller mycket bra f\u00f6rslag att n\u00e5 fred \u00e4ven om det inneb\u00e4r att Ukraina f\u00f6rlorar territorium. Samtidigt tycker 48 procent att det \u00e4r ett ganska eller mycket d\u00e5ligt f\u00f6rslag.<\/p>\n","protected":false},"excerpt":{"rendered":"Publicerad 2026-01-11 07.12 share-arrowDela unsaveSpara expand-left helsk\u00e4rm55 procent av svenskarna \u00e4r positiva till att fortsatt skicka vapen till&hellip;\n","protected":false},"author":2,"featured_media":132714,"comment_status":"","ping_status":"","sticky":false,"template":"","format":"standard","meta":{"footnotes":""},"categories":[12],"tags":[22,23,26,27,17,21,24,25,28,29,15,16,18,34,31,33,32,30,19,20],"class_list":{"0":"post-132713","1":"post","2":"type-post","3":"status-publish","4":"format-standard","5":"has-post-thumbnail","7":"category-sverige","8":"tag-breaking-news","9":"tag-breakingnews","10":"tag-featured-news","11":"tag-featurednews","12":"tag-headlines","13":"tag-huvudnyheter","14":"tag-latest-news","15":"tag-latestnews","16":"tag-main-news","17":"tag-mainnews","18":"tag-news","19":"tag-nyheter","20":"tag-rubriker","21":"tag-se","22":"tag-svenska","23":"tag-sverige","24":"tag-sweden","25":"tag-swedish","26":"tag-top-stories","27":"tag-topstories"},"share_on_mastodon":{"url":"https:\/\/pubeurope.com\/@se\/115879296580154571","error":""},"_links":{"self":[{"href":"https:\/\/www.europesays.com\/se\/wp-json\/wp\/v2\/posts\/132713","targetHints":{"allow":["GET"]}}],"collection":[{"href":"https:\/\/www.europesays.com\/se\/wp-json\/wp\/v2\/posts"}],"about":[{"href":"https:\/\/www.europesays.com\/se\/wp-json\/wp\/v2\/types\/post"}],"author":[{"embeddable":true,"href":"https:\/\/www.europesays.com\/se\/wp-json\/wp\/v2\/users\/2"}],"replies":[{"embeddable":true,"href":"https:\/\/www.europesays.com\/se\/wp-json\/wp\/v2\/comments?post=132713"}],"version-history":[{"count":0,"href":"https:\/\/www.europesays.com\/se\/wp-json\/wp\/v2\/posts\/132713\/revisions"}],"wp:featuredmedia":[{"embeddable":true,"href":"https:\/\/www.europesays.com\/se\/wp-json\/wp\/v2\/media\/132714"}],"wp:attachment":[{"href":"https:\/\/www.europesays.com\/se\/wp-json\/wp\/v2\/media?parent=132713"}],"wp:term":[{"taxonomy":"category","embeddable":true,"href":"https:\/\/www.europesays.com\/se\/wp-json\/wp\/v2\/categories?post=132713"},{"taxonomy":"post_tag","embeddable":true,"href":"https:\/\/www.europesays.com\/se\/wp-json\/wp\/v2\/tags?post=132713"}],"curies":[{"name":"wp","href":"https:\/\/api.w.org\/{rel}","templated":true}]}}