{"id":132715,"date":"2026-01-12T00:30:18","date_gmt":"2026-01-12T00:30:18","guid":{"rendered":"https:\/\/www.europesays.com\/se\/132715\/"},"modified":"2026-01-12T00:30:18","modified_gmt":"2026-01-12T00:30:18","slug":"os-vakt-dod-minister-kraver-utredning-os","status":"publish","type":"post","link":"https:\/\/www.europesays.com\/se\/132715\/","title":{"rendered":"OS-vakt d\u00f6d \u2013 minister kr\u00e4ver utredning | OS"},"content":{"rendered":"<p>En vakt vid OS-curlingarenan i Cortina avled under sitt nattpass. \u00a0<\/p>\n<p><img   alt=\"\"\/> <\/p>\n<p>Foto: MAXIM THORE \/ BILDBYR\u00c5N<\/p>\n<p>\u00d6ppna bild i helsk\u00e4rm<\/p>\n<p>Italiens infrastrukturminister, Matteo Salvini, kr\u00e4ver en fullst\u00e4ndig utredning av omst\u00e4ndigheterna kring 55-\u00e5ringens d\u00f6d.<\/p>\n<p>Mannen vaktade ishallen i Cortina, d\u00e4r curling ska spelas under OS om en m\u00e5nad. Temperaturen under natten var 10-12 minusgrader under natten.<\/p>\n<p>De styrande i Cortina s\u00e4ger att de \u00e4r \u201dbedr\u00f6vade och bekymrade \u00f6ver d\u00f6dsfallet\u201d.<\/p>\n","protected":false},"excerpt":{"rendered":"En vakt vid OS-curlingarenan i Cortina avled under sitt nattpass. \u00a0 Foto: MAXIM THORE \/ BILDBYR\u00c5N \u00d6ppna bild&hellip;\n","protected":false},"author":2,"featured_media":132716,"comment_status":"","ping_status":"","sticky":false,"template":"","format":"standard","meta":{"footnotes":""},"categories":[68],"tags":[12347,12568,34,12567,111,110,31,33,32,30],"class_list":{"0":"post-132715","1":"post","2":"type-post","3":"status-publish","4":"format-standard","5":"has-post-thumbnail","7":"category-sport","8":"tag-newsstory-os-2026-i-milano-cortina","9":"tag-organization-vinter-os","10":"tag-se","11":"tag-sections-os","12":"tag-sport","13":"tag-sports","14":"tag-svenska","15":"tag-sverige","16":"tag-sweden","17":"tag-swedish"},"share_on_mastodon":{"url":"https:\/\/pubeurope.com\/@se\/115879308317293706","error":""},"_links":{"self":[{"href":"https:\/\/www.europesays.com\/se\/wp-json\/wp\/v2\/posts\/132715","targetHints":{"allow":["GET"]}}],"collection":[{"href":"https:\/\/www.europesays.com\/se\/wp-json\/wp\/v2\/posts"}],"about":[{"href":"https:\/\/www.europesays.com\/se\/wp-json\/wp\/v2\/types\/post"}],"author":[{"embeddable":true,"href":"https:\/\/www.europesays.com\/se\/wp-json\/wp\/v2\/users\/2"}],"replies":[{"embeddable":true,"href":"https:\/\/www.europesays.com\/se\/wp-json\/wp\/v2\/comments?post=132715"}],"version-history":[{"count":0,"href":"https:\/\/www.europesays.com\/se\/wp-json\/wp\/v2\/posts\/132715\/revisions"}],"wp:featuredmedia":[{"embeddable":true,"href":"https:\/\/www.europesays.com\/se\/wp-json\/wp\/v2\/media\/132716"}],"wp:attachment":[{"href":"https:\/\/www.europesays.com\/se\/wp-json\/wp\/v2\/media?parent=132715"}],"wp:term":[{"taxonomy":"category","embeddable":true,"href":"https:\/\/www.europesays.com\/se\/wp-json\/wp\/v2\/categories?post=132715"},{"taxonomy":"post_tag","embeddable":true,"href":"https:\/\/www.europesays.com\/se\/wp-json\/wp\/v2\/tags?post=132715"}],"curies":[{"name":"wp","href":"https:\/\/api.w.org\/{rel}","templated":true}]}}