{"id":132717,"date":"2026-01-12T00:41:04","date_gmt":"2026-01-12T00:41:04","guid":{"rendered":"https:\/\/www.europesays.com\/se\/132717\/"},"modified":"2026-01-12T00:41:04","modified_gmt":"2026-01-12T00:41:04","slug":"jonathan-dahlen-tangerar-rekord-i-timra-utan-att-veta-om-det","status":"publish","type":"post","link":"https:\/\/www.europesays.com\/se\/132717\/","title":{"rendered":"Jonathan Dahl\u00e9n tangerar rekord i Timr\u00e5 \u2013 utan att veta om det"},"content":{"rendered":"<p><strong><a href=\"https:\/\/hockeysverige.se\/spelare\/jonathan-dahlen\" rel=\"nofollow noopener\" target=\"_blank\">Jonathan Dahl\u00e9n<\/a> tangerade \u00e4nnu ett <a href=\"https:\/\/hockeysverige.se\/klubb\/timra-ik\" rel=\"nofollow noopener\" target=\"_blank\">Timr\u00e5<\/a>-rekord i kv\u00e4ll. <br \/>Men han gjorde det utan att vet om det sj\u00e4lv. <br \/>\u2013 Det hade jag faktiskt ingen aning om, s\u00e4ger Dahl\u00e9n till hockeysverige.se. <\/strong><\/p>\n<p><img loading=\"lazy\" decoding=\"async\" width=\"1024\" height=\"658\" src=\"https:\/\/www.europesays.com\/se\/wp-content\/uploads\/2026\/01\/Dahlen-1024x658.webp.webp\" alt=\"Jonathan Dahl\u00e9n.\" class=\"wp-image-344193\"  \/>Jonathan Dahl\u00e9n tangerade ett nytt Timr\u00e5-rekord, utan att veta om det. <strong>Foto: <\/strong>Magnus Andersson\/Bildbyr\u00e5n<\/p>\n<p>J\u00d6NK\u00d6PING (HOCKEYSVERIGE.SE)<\/p>\n<p>\u00c5tta raka bortaf\u00f6rluster.<\/p>\n<p>Det var Timr\u00e5s facit innan de reste ner till J\u00f6nk\u00f6ping. D\u00e5 kom ocks\u00e5 deras f\u00f6rsta seger p\u00e5 bortaplan sedan 28 oktober sedan de besegrat <a href=\"https:\/\/hockeysverige.se\/klubb\/hv71\" rel=\"nofollow noopener\" target=\"_blank\">HV71<\/a> med 2-1 efter straffl\u00e4ggning. <\/p>\n<p>\u2013 Det var sk\u00f6nt att \u00e4ntligen f\u00e5 vinna borta igen, s\u00e4ger Dahl\u00e9n med ett snett leende innan han forts\u00e4tter: <br \/>\u2013 Vi har ju mycket l\u00e4gen och spelar ett tajt f\u00f6rsvarsspel. Annars \u00e4r det klart att vi inte \u00e4r n\u00f6jda med v\u00e5r prestation i dag. Sedan \u00e4r det \u00e4nd\u00e5 starkt av oss att vinna och bli av med det h\u00e4r \u201dborta-snacket\u201d som har varit nu n\u00e4r vi har torskat s\u00e5 mycket. Det var sk\u00f6nt. <\/p>\n<p>Jonathan Dahl\u00e9n: \u201dDet var en stor frustration i dag\u201d<\/p>\n<p>Timr\u00e5 IK har hittat formen igen p\u00e5 sistone. De har tagit po\u00e4ng i fem raka matcher och vinsten mot HV var deras tredje i rad. D\u00e4rmed kliver Timr\u00e5 upp p\u00e5 en topp sex-plats igen. <\/p>\n<p><strong>Vad \u00e4r det som ni har hittat tillbaka till i ert spel? <br \/><\/strong>\u2013 F\u00f6rsvarsspelet har funkat j\u00e4ttebra och vi spelar tajt. \u00c4ven om det \u00e4r perioder i matcherna d\u00e4r motst\u00e5ndarna har mycket puck s\u00e5 kommer de inte riktigt in p\u00e5 oss. V\u00e5ra m\u00e5lvakter g\u00f6r det j\u00e4ttebra ocks\u00e5 och vi hj\u00e4lper dem p\u00e5 ett bra s\u00e4tt nu, precis som i b\u00f6rjan p\u00e5 s\u00e4songen. Sedan tycker jag \u00e4ven att anfallsspelet har sett b\u00e4ttre ut h\u00e4r efter jul men det kanske inte var riktigt s\u00e5 bra i dag d\u00e5. <\/p>\n<p>Jonathan Dahl\u00e9n sj\u00e4lv \u00e4r ocks\u00e5 i v\u00e4ldigt bra form. Han \u00e4r just nu inne i en fem matcher l\u00e5ng po\u00e4ngsvit d\u00e4r han har gjort nio po\u00e4ng (5+4). \u00c4ven om det blev en assist i kv\u00e4llens match mot HV71 var inte Dahl\u00e9n helt n\u00f6jd med sin insats d\u00e5 m\u00e5len uteblev. <\/p>\n<p>\u2013 Det \u00e4r synd att man missar fyra fril\u00e4gen i dag, d\u00e5 kanske vi hade haft tre po\u00e4ng. Det \u00e4r klart att det har k\u00e4nts bra f\u00f6r egen del ett tag nu men det \u00e4r surt just i dag att missa s\u00e5 mycket l\u00e4gen, s\u00e4ger Jonathan Dahl\u00e9n och forts\u00e4tter: <br \/>\u2013 Det \u00e4r en j\u00e4ttefrustrerande n\u00e4r man har tre fril\u00e4gen i matchen och en straff men inte f\u00e5r dit den, d\u00e5 blir man ju frustrerad. Man tar det ju bara match f\u00f6r match s\u00e5 det \u00e4r ju inte s\u00e5 att jag \u00e5ker runt och t\u00e4nker \u201d\u00e4sch, jag gjorde ju m\u00e5l f\u00f6rra matchen\u201d, utan det \u00e4r match f\u00f6r match. Det var en stor frustration i dag att missa s\u00e5 mycket men vi vann i alla fall och tog tv\u00e5 po\u00e4ng. Det var sk\u00f6nt. <\/p>\n<p>Tangerar rekord i Timr\u00e5 \u2013 utan att veta om det<\/p>\n<p>I och med assisten till Emil Petterssons m\u00e5l kliver Jonathan Dahl\u00e9n nu upp p\u00e5 156 po\u00e4ng f\u00f6r Timr\u00e5 i <a href=\"https:\/\/hockeysverige.se\/shl\" rel=\"nofollow noopener\" target=\"_blank\">SHL<\/a>. Han tangerar d\u00e4rmed ett nytt rekord i Timr\u00e5s historia. Dahl\u00e9n har redan gjort flest m\u00e5l, assist och po\u00e4ng n\u00e5gonsin i Timr\u00e5. Men genom att n\u00e5 156 po\u00e4ng i h\u00f6gstaligan kliver han upp j\u00e4msides Per Hallin som den Timr\u00e5spelare med flest po\u00e4ng i Elitserien\/SHL. Dahl\u00e9n har dock lyckats med bedriften p\u00e5 n\u00e4stan 300 f\u00e4rre matcher. <\/p>\n<p>\u2013 Oj, det hade jag ingen aning om, s\u00e4ger Dahl\u00e9n efter\u00e5t. <\/p>\n<p><strong>Det var inte s\u00e5 att du jagade ett m\u00e5l f\u00f6r att kliva upp som ensam etta d\u00e5? <br \/><\/strong>\u2013 Nej, det hade jag faktiskt ingen aning om. Det \u00e4r v\u00e4l kul men framf\u00f6r allt var det bara sk\u00f6nt att vinna i dag. <\/p>\n<p><strong>N\u00e4r du redan har po\u00e4ngrekordet totalt s\u00e5 kanske inte just rekordet i SHL k\u00e4nns lika stort? <br \/><\/strong>\u2013 Nej, jag spelar ju i Timr\u00e5 oavsett serie s\u00e5 jag r\u00e4knar v\u00e4l det totala och v\u00e4rdes\u00e4tter det lite mer. Det var stort f\u00f6r mig n\u00e4r det h\u00e4nde och det \u00e4r v\u00e4l det rekordet som jag \u00e4r mest stolt \u00f6ver, avslutar Jonathan Dahl\u00e9n med ett leende. <\/p>\n<p> Source: <a href=\"https:\/\/www.eliteprospects.com\/player\/212368\/jonathan-dahlen\" target=\"_blank\" rel=\"noopener noreferrer nofollow\">Jonathan Dahl\u00e9n<\/a> @ Elite Prospects<\/p>\n","protected":false},"excerpt":{"rendered":"Jonathan Dahl\u00e9n tangerade \u00e4nnu ett Timr\u00e5-rekord i kv\u00e4ll. Men han gjorde det utan att vet om det sj\u00e4lv.&hellip;\n","protected":false},"author":2,"featured_media":132718,"comment_status":"","ping_status":"","sticky":false,"template":"","format":"standard","meta":{"footnotes":""},"categories":[68],"tags":[34,134,111,110,31,33,32,30],"class_list":{"0":"post-132717","1":"post","2":"type-post","3":"status-publish","4":"format-standard","5":"has-post-thumbnail","7":"category-sport","8":"tag-se","9":"tag-shl","10":"tag-sport","11":"tag-sports","12":"tag-svenska","13":"tag-sverige","14":"tag-sweden","15":"tag-swedish"},"share_on_mastodon":{"url":"https:\/\/pubeurope.com\/@se\/115879351590136848","error":""},"_links":{"self":[{"href":"https:\/\/www.europesays.com\/se\/wp-json\/wp\/v2\/posts\/132717","targetHints":{"allow":["GET"]}}],"collection":[{"href":"https:\/\/www.europesays.com\/se\/wp-json\/wp\/v2\/posts"}],"about":[{"href":"https:\/\/www.europesays.com\/se\/wp-json\/wp\/v2\/types\/post"}],"author":[{"embeddable":true,"href":"https:\/\/www.europesays.com\/se\/wp-json\/wp\/v2\/users\/2"}],"replies":[{"embeddable":true,"href":"https:\/\/www.europesays.com\/se\/wp-json\/wp\/v2\/comments?post=132717"}],"version-history":[{"count":0,"href":"https:\/\/www.europesays.com\/se\/wp-json\/wp\/v2\/posts\/132717\/revisions"}],"wp:featuredmedia":[{"embeddable":true,"href":"https:\/\/www.europesays.com\/se\/wp-json\/wp\/v2\/media\/132718"}],"wp:attachment":[{"href":"https:\/\/www.europesays.com\/se\/wp-json\/wp\/v2\/media?parent=132717"}],"wp:term":[{"taxonomy":"category","embeddable":true,"href":"https:\/\/www.europesays.com\/se\/wp-json\/wp\/v2\/categories?post=132717"},{"taxonomy":"post_tag","embeddable":true,"href":"https:\/\/www.europesays.com\/se\/wp-json\/wp\/v2\/tags?post=132717"}],"curies":[{"name":"wp","href":"https:\/\/api.w.org\/{rel}","templated":true}]}}