{"id":132719,"date":"2026-01-12T01:24:13","date_gmt":"2026-01-12T01:24:13","guid":{"rendered":"https:\/\/www.europesays.com\/se\/132719\/"},"modified":"2026-01-12T01:24:13","modified_gmt":"2026-01-12T01:24:13","slug":"tusentals-fast-i-finska-lappland","status":"publish","type":"post","link":"https:\/\/www.europesays.com\/se\/132719\/","title":{"rendered":"Tusentals fast i finska Lappland"},"content":{"rendered":"<p>share-arrowDela<\/p>\n<p>unsaveSpara<\/p>\n<p>expand-left<\/p>\n<p>helsk\u00e4rm<img decoding=\"async\" class=\"image-asset hyperion-css-u06ts1\" data-test-tag=\"image-asset\" src=\"https:\/\/www.europesays.com\/se\/wp-content\/uploads\/2026\/01\/bae747ab-0b6a-4311-9fd7-b6a442d576da.jpeg\"  alt=\"Temperaturerna \u00e4r mycket l\u00e5ga i finska Lappland. Bild fr\u00e5n fredagen.\"  loading=\"eager\" fetchpriority=\"high\" style=\"aspect-ratio:1900 \/ 1267\"\/>Temperaturerna \u00e4r mycket l\u00e5ga i finska Lappland. Bild fr\u00e5n fredagen. Foto: Satu Renko Via AP\/TT<\/p>\n<p class=\"hyperion-css-1v9qo5x\">Tusentals turister \u00e4r strandade i Lappland i Finland d\u00e5 mycket kalla temperaturer lett till att m\u00e4ngder av flyg st\u00e4llts in, rapporterar BBC.<\/p>\n<p class=\"hyperion-css-1v9qo5x\">P\u00e5 m\u00e5ndagen v\u00e4ntas temperaturen sjunka ytterligare till 39 minusgrader.<\/p>\n<p class=\"hyperion-css-1v9qo5x\">\u00c4ven i norra Sverige finns det risk f\u00f6r lamsl\u00e5ende kyla. SMHI har p\u00e5 m\u00e5ndagen utf\u00e4rdat en gul varning i Norrlandsfj\u00e4llen med risk f\u00f6r stark kyleffekt med stor risk f\u00f6r f\u00f6rfrysning och nedkylning.<\/p>\n","protected":false},"excerpt":{"rendered":"share-arrowDela unsaveSpara expand-left helsk\u00e4rmTemperaturerna \u00e4r mycket l\u00e5ga i finska Lappland. Bild fr\u00e5n fredagen. Foto: Satu Renko Via AP\/TT&hellip;\n","protected":false},"author":2,"featured_media":132720,"comment_status":"","ping_status":"","sticky":false,"template":"","format":"standard","meta":{"footnotes":""},"categories":[65],"tags":[72,70,71,34,31,33,32,30],"class_list":{"0":"post-132719","1":"post","2":"type-post","3":"status-publish","4":"format-standard","5":"has-post-thumbnail","7":"category-ekonomi","8":"tag-business","9":"tag-economy","10":"tag-ekonomi","11":"tag-se","12":"tag-svenska","13":"tag-sverige","14":"tag-sweden","15":"tag-swedish"},"share_on_mastodon":{"url":"https:\/\/pubeurope.com\/@se\/115879520665149245","error":""},"_links":{"self":[{"href":"https:\/\/www.europesays.com\/se\/wp-json\/wp\/v2\/posts\/132719","targetHints":{"allow":["GET"]}}],"collection":[{"href":"https:\/\/www.europesays.com\/se\/wp-json\/wp\/v2\/posts"}],"about":[{"href":"https:\/\/www.europesays.com\/se\/wp-json\/wp\/v2\/types\/post"}],"author":[{"embeddable":true,"href":"https:\/\/www.europesays.com\/se\/wp-json\/wp\/v2\/users\/2"}],"replies":[{"embeddable":true,"href":"https:\/\/www.europesays.com\/se\/wp-json\/wp\/v2\/comments?post=132719"}],"version-history":[{"count":0,"href":"https:\/\/www.europesays.com\/se\/wp-json\/wp\/v2\/posts\/132719\/revisions"}],"wp:featuredmedia":[{"embeddable":true,"href":"https:\/\/www.europesays.com\/se\/wp-json\/wp\/v2\/media\/132720"}],"wp:attachment":[{"href":"https:\/\/www.europesays.com\/se\/wp-json\/wp\/v2\/media?parent=132719"}],"wp:term":[{"taxonomy":"category","embeddable":true,"href":"https:\/\/www.europesays.com\/se\/wp-json\/wp\/v2\/categories?post=132719"},{"taxonomy":"post_tag","embeddable":true,"href":"https:\/\/www.europesays.com\/se\/wp-json\/wp\/v2\/tags?post=132719"}],"curies":[{"name":"wp","href":"https:\/\/api.w.org\/{rel}","templated":true}]}}