{"id":132723,"date":"2026-01-12T01:35:10","date_gmt":"2026-01-12T01:35:10","guid":{"rendered":"https:\/\/www.europesays.com\/se\/132723\/"},"modified":"2026-01-12T01:35:10","modified_gmt":"2026-01-12T01:35:10","slug":"hundratals-fler-federala-agenter-till-minneapolis","status":"publish","type":"post","link":"https:\/\/www.europesays.com\/se\/132723\/","title":{"rendered":"Hundratals fler federala agenter till Minneapolis"},"content":{"rendered":"<p>Syftet \u00e4r att migrationspolisen \u201dsom arbetar i Minneapolis ska kunna g\u00f6ra det p\u00e5 ett s\u00e4kert s\u00e4tt\u201d, s\u00e4ger hon till <a href=\"https:\/\/www.foxnews.com\/politics\/dhs-deploying-hundreds-more-federal-agents-minneapolis-noem-announces\" rel=\"nofollow noopener\" target=\"_blank\">Fox News<\/a>.<\/p>\n<p>Beslutet strider mot viljan hos de demokratiska ledarna i staden, som kr\u00e4vt att de federala agenterna ska ge sig av. Detta sedan en 37-\u00e5rig kvinna i Minneapolis sk\u00f6ts till d\u00f6ds av en ICE-agent i onsdags. <\/p>\n<p>H\u00e4ndelsen har lett till omfattande, mestadels fredliga, protester med tusentals deltagare runt om i USA. I Minneapolis har dock sammandrabbningar mellan demonstranter och federala agenter uppst\u00e5tt d\u00e4r agenterna tagit till anv\u00e4ndning av pepparsprej.<\/p>\n","protected":false},"excerpt":{"rendered":"Syftet \u00e4r att migrationspolisen \u201dsom arbetar i Minneapolis ska kunna g\u00f6ra det p\u00e5 ett s\u00e4kert s\u00e4tt\u201d, s\u00e4ger hon&hellip;\n","protected":false},"author":2,"featured_media":132724,"comment_status":"","ping_status":"","sticky":false,"template":"","format":"standard","meta":{"footnotes":""},"categories":[5],"tags":[22,23,26,27,17,21,24,25,28,29,15,16,18,34,31,33,32,30,19,20],"class_list":{"0":"post-132723","1":"post","2":"type-post","3":"status-publish","4":"format-standard","5":"has-post-thumbnail","7":"category-rubriker","8":"tag-breaking-news","9":"tag-breakingnews","10":"tag-featured-news","11":"tag-featurednews","12":"tag-headlines","13":"tag-huvudnyheter","14":"tag-latest-news","15":"tag-latestnews","16":"tag-main-news","17":"tag-mainnews","18":"tag-news","19":"tag-nyheter","20":"tag-rubriker","21":"tag-se","22":"tag-svenska","23":"tag-sverige","24":"tag-sweden","25":"tag-swedish","26":"tag-top-stories","27":"tag-topstories"},"share_on_mastodon":{"url":"https:\/\/pubeurope.com\/@se\/115879563929084262","error":""},"_links":{"self":[{"href":"https:\/\/www.europesays.com\/se\/wp-json\/wp\/v2\/posts\/132723","targetHints":{"allow":["GET"]}}],"collection":[{"href":"https:\/\/www.europesays.com\/se\/wp-json\/wp\/v2\/posts"}],"about":[{"href":"https:\/\/www.europesays.com\/se\/wp-json\/wp\/v2\/types\/post"}],"author":[{"embeddable":true,"href":"https:\/\/www.europesays.com\/se\/wp-json\/wp\/v2\/users\/2"}],"replies":[{"embeddable":true,"href":"https:\/\/www.europesays.com\/se\/wp-json\/wp\/v2\/comments?post=132723"}],"version-history":[{"count":0,"href":"https:\/\/www.europesays.com\/se\/wp-json\/wp\/v2\/posts\/132723\/revisions"}],"wp:featuredmedia":[{"embeddable":true,"href":"https:\/\/www.europesays.com\/se\/wp-json\/wp\/v2\/media\/132724"}],"wp:attachment":[{"href":"https:\/\/www.europesays.com\/se\/wp-json\/wp\/v2\/media?parent=132723"}],"wp:term":[{"taxonomy":"category","embeddable":true,"href":"https:\/\/www.europesays.com\/se\/wp-json\/wp\/v2\/categories?post=132723"},{"taxonomy":"post_tag","embeddable":true,"href":"https:\/\/www.europesays.com\/se\/wp-json\/wp\/v2\/tags?post=132723"}],"curies":[{"name":"wp","href":"https:\/\/api.w.org\/{rel}","templated":true}]}}