{"id":132725,"date":"2026-01-12T01:40:25","date_gmt":"2026-01-12T01:40:25","guid":{"rendered":"https:\/\/www.europesays.com\/se\/132725\/"},"modified":"2026-01-12T01:40:25","modified_gmt":"2026-01-12T01:40:25","slug":"sa-blir-2026-for-kopare-och-saljare-jonkopings-posten","status":"publish","type":"post","link":"https:\/\/www.europesays.com\/se\/132725\/","title":{"rendered":"S\u00e5 blir 2026 f\u00f6r k\u00f6pare och s\u00e4ljare \u2013 J\u00f6nk\u00f6pings-Posten"},"content":{"rendered":"<p>Det v\u00e4ntas bli ett bra \u00e5r b\u00e5de f\u00f6r k\u00f6pare och s\u00e4ljare p\u00e5 bostadsmarknaden. JP h\u00e4ngde med p\u00e5 en husvisning i Taberg f\u00f6r att ta reda p\u00e5 vad som finns i sp\u00e5kulan. <\/p>\n<p><strong>L\u00c4S MER: <\/strong><a class=\"article__content-link\" href=\"https:\/\/www.jp.se\/2025-12-31\/se-listan-dyraste-villorna-i-jonkoping-2025\/\" rel=\"nofollow noopener\" target=\"_blank\">Se listan: Dyraste villorna i J\u00f6nk\u00f6ping 2025<\/a><\/p>\n<p>\u00c5rets f\u00f6rsta stora visningshelg \u00e4r \u00f6ver och m\u00e5nga m\u00e4klare \u00e4r \u00f6verens om att 2026 \u00e4r \u00e5ret d\u00e5 bostadsmarknaden v\u00e4nder upp\u00e5t igen efter tv\u00e5 tr\u00f6ga \u00e5r. <\/p>\n<p>Det visar LF Fastighetsf\u00f6rmedlings senaste m\u00e4klarenk\u00e4t Bopanelen, d\u00e4r cirka 700 m\u00e4klare fr\u00e5n hela landet delar sin syn p\u00e5 bostadsmarknaden det kommande \u00e5ret.\u00a0<\/p>\n<p>\u2013 Vi tror p\u00e5 att vi kommer ha lite fler spekulanter p\u00e5 visningarna. Det m\u00e4rker vi redan om man j\u00e4mf\u00f6r med ett halv\u00e5r tillbaka. Sedan kanske inte priserna kommer \u00f6ka j\u00e4ttemycket men det \u00e4r \u00e4nd\u00e5 en positiv trend vi ser, s\u00e4ger m\u00e4klaren Tina H\u00f6gberg p\u00e5 LF Fastighetsf\u00f6rmedling i J\u00f6nk\u00f6ping. <\/p>\n<p aria-disabled=\"true\" class=\"ad__preamble ad-text txt-style-muted txt-ui txt-ui--strong txt-ui-2\">Annons<\/p>\n<p>Hon visar denna s\u00f6ndag ett objekt i Taberg inf\u00f6r n\u00e5gra intressenter. I det h\u00e4r fallet r\u00f6r det sig om en st\u00f6rre villa men det \u00e4r mindre l\u00e4genheter Tina H\u00f6gberg tror kommer att stiga snabbast i pris. <\/p>\n<p aria-disabled=\"true\" class=\"ad__preamble ad-text txt-style-muted txt-ui txt-ui--strong txt-ui-2\">Annons<\/p>\n<p><img decoding=\"async\" width=\"640\" height=\"427\" class=\"article-image article-image--unbound\" alt=\"Tina H\u00f6gberg, m\u00e4klare p\u00e5 LF J\u00f6nk\u00f6ping, sp\u00e5r en ljusare bostadsmarknad 2026.\" src=\"https:\/\/www.europesays.com\/se\/wp-content\/uploads\/2026\/01\/570eef40-c67a-4d90-b528-c43097125fcd.jpeg\"   loading=\"lazy\"\/><a class=\"article__lightbox-link\" href=\"https:\/\/static.bonniernews.se\/ba\/570eef40-c67a-4d90-b528-c43097125fcd.jpeg?width=1400&amp;format=pjpg&amp;auto=avif\" data-pswp-width=\"1400\" data-pswp-height=\"933\" data-pswp-caption=\"Tina H\u00f6gberg, m\u00e4klare p\u00e5 LF J\u00f6nk\u00f6ping, sp\u00e5r en ljusare bostadsmarknad 2026. Bild: Marcus Johannesson\" data-pswp- rel=\"nofollow noopener\" target=\"_blank\">\u00d6ppna bild i helsk\u00e4rmsl\u00e4ge<\/a><\/p>\n<p class=\"txt-style-muted\" aria-hidden=\"true\">Tina H\u00f6gberg, m\u00e4klare p\u00e5 LF J\u00f6nk\u00f6ping, sp\u00e5r en ljusare bostadsmarknad 2026.<\/p>\n<p class=\"article__figcaption-attribution txt-style-muted\">Bild: Marcus Johannesson<\/p>\n<p>Ett fortsatt \u00f6vertag f\u00f6r k\u00f6parna p\u00e5 bostadsmarknaden, det vill s\u00e4ga att utbudet \u00e4r st\u00f6rre \u00e4n efterfr\u00e5gan, sp\u00e5s ocks\u00e5. Men Tina H\u00f6gberg \u00e4r inte s\u00e4ker p\u00e5 att den spaningen kommer att sl\u00e5 in. <\/p>\n<p><strong>\u2013 <\/strong>Det blir mindre inflytande fr\u00e5n k\u00f6parens sida n\u00e4r det blir fler spekulanter att sl\u00e5ss mot. D\u00e4rf\u00f6r kommer det v\u00e4l bli s\u00e4ljarens marknad mer och mer under v\u00e5ren och sommaren. <\/p>\n<p><strong>Inte s\u00e5 markanta prislyft d\u00e5, tror du, men finns det \u00e4nd\u00e5 n\u00e5gra platser i kommunen du t\u00e4nker kan sticka iv\u00e4g lite prism\u00e4ssigt i \u00e5r?<\/strong><\/p>\n<p>\u2013 De omr\u00e5den d\u00e4r man f\u00e5r mycket f\u00f6r pengarna, l\u00e4ngre ut fr\u00e5n stan s\u00e5 att s\u00e4ga, d\u00e4r brukar det \u00e5terh\u00e4mta sig snabbare, s\u00e4ger Tina H\u00f6gberg. <\/p>\n<p><strong>Vad skulle kunna hindra den h\u00e4r utvecklingen ni sp\u00e5r p\u00e5 bostadsmarknaden? <\/strong><\/p>\n<p>\u2013 Det \u00e4r v\u00e4l fler motg\u00e5ngar ute i v\u00e4rlden med Trump och Putin och allt vad de hittar p\u00e5 som skulle kunna st\u00e4lla till det. Men vi tror p\u00e5 en ljusning \u00e4ven om priserna inte kommer stiga s\u00e5 som de gjorde under pandemin. Framf\u00f6r allt kommer f\u00f6rs\u00e4ljningstiderna minskas, fr\u00e5n att det har tagit fyra-fem m\u00e5nader, kanske det g\u00e5r i lite mer normal takt igen p\u00e5 en till tv\u00e5 m\u00e5nader.<\/p>\n<p aria-disabled=\"true\" class=\"ad__preamble ad-text txt-style-muted txt-ui txt-ui--strong txt-ui-2\">Annons<\/p>\n<p aria-disabled=\"true\" class=\"ad__preamble ad-text txt-style-muted txt-ui txt-ui--strong txt-ui-2\">Annons<\/p>\n<p>Det finns flera faktorer som pekar p\u00e5 att ett bostadsbyte kan vara klokt att g\u00f6ra 2026. R\u00e4ntorna \u00e4r stabila, ett h\u00f6jt bol\u00e5netak samtidigt som insatssumman s\u00e4nks fr\u00e5n 15 till tio procent 1 april.<\/p>\n<p>Nicole och Erik Kangas \u00e4r n\u00e5gra av de k\u00f6psugna och som hade tagit sig till visningen i Taberg. <\/p>\n<p>\u2013 Vi v\u00e4ntar p\u00e5 v\u00e5rt tredje barn och bor just nu i ett radhus och beh\u00f6ver ett rum till s\u00e5 d\u00e4rf\u00f6r letar vi hus, s\u00e4ger Nicole Kangas.  <\/p>\n<p><strong>Har ni v\u00e4ntat ut marknaden lite eller?<\/strong><\/p>\n<p>\u2013 V\u00e5ra husk\u00f6p har v\u00e4l mer handlat om n\u00e4r behovet har funnits. Men nu har ocks\u00e5 marknaden st\u00e5tt still lite s\u00e5 d\u00e5 har vi avvaktat en del. Jag tror det blir l\u00e4ttare att f\u00e5 l\u00e5n om en l\u00e4gre kontantinsats beh\u00f6vs. Jag tror det s\u00e4tter ig\u00e5ng bostadsmarknaden, s\u00e4ger Erik Kangas.<\/p>\n<p>5 r\u00e5d: S\u00e5 ska du t\u00e4nka <\/p>\n<p><strong>\u2022 S\u00e4lj f\u00f6rst \u2013 om du \u00e4r os\u00e4ker<\/strong><br \/>Om du k\u00e4nner dig os\u00e4ker p\u00e5 att hantera dubbla boendekostnader kan det vara tryggare att s\u00e4lja f\u00f6rst. D\u00e5 vet du exakt vilka ramar du har inf\u00f6r n\u00e4sta k\u00f6p. Har du d\u00e4remot marginaler i din ekonomi kan det ge st\u00f6rre flexibilitet att k\u00f6pa innan du s\u00e4ljer. S\u00e4ljer och k\u00f6per du ungef\u00e4r samtidigt blir tillf\u00e4lliga prisr\u00f6relser ofta mindre avg\u00f6rande.<\/p>\n<p><strong>\u2022 Se \u00f6ver din boendeekonomi<\/strong><br \/>Om du har sm\u00e5 marginaler i boendeekonomin \u2013 planera ditt bostadsk\u00f6p utifr\u00e5n hur en f\u00f6r\u00e4ndrad inkomst skulle kunna p\u00e5verka dig.<\/p>\n<p><strong>\u2022 Anm\u00e4l intresse<\/strong><br \/>M\u00e5nga bost\u00e4der l\u00e4ggs ut som \u201dkommande\u201d p\u00e5 m\u00e4klarnas hemsidor eller hanteras inledningsvis \u201ddiskret\u201d utan n\u00e5gon offentlig annonsering. Kontakta m\u00e4klaren innan boendet \u00e4r ute p\u00e5 marknaden f\u00f6r att inte g\u00e5 miste om eventuella f\u00f6rhandsaff\u00e4rer. F\u00f6r den som ska s\u00e4lja \u00e4r f\u00f6rhandsmarknaden ett bra s\u00e4tt att k\u00e4nna av spekulanternas intresse f\u00f6r bostaden.<\/p>\n<p><strong>\u2022 L\u00e4s p\u00e5<\/strong><br \/>G\u00f6r en lista p\u00e5 vad som \u00e4r viktigast f\u00f6r dig i din nya bostad och unders\u00f6k prisstatistik och slutpriser. D\u00e5 kan du k\u00e4nna dig beredd p\u00e5 de ekonomiska f\u00f6ruts\u00e4ttningarna f\u00f6r din bostadsaff\u00e4r.<\/p>\n<p><strong>\u2022 G\u00e5 p\u00e5 m\u00e5nga visningar<\/strong><br \/>Att bes\u00f6ka m\u00e5nga bostadsvisningar innan du best\u00e4mmer dig \u00e4r ett bra s\u00e4tt att j\u00e4mf\u00f6ra olika bost\u00e4der mot dina behov och \u00f6nskem\u00e5l. Dessutom kan det vara ett bra s\u00e4tt att tr\u00e4ffa olika fastighetsm\u00e4klare om du sj\u00e4lv planerar att s\u00e4lja din bostad.<\/p>\n<p><strong>K\u00c4LLA<\/strong>: LF Fastighetsf\u00f6rmedling.<\/p>\n","protected":false},"excerpt":{"rendered":"Det v\u00e4ntas bli ett bra \u00e5r b\u00e5de f\u00f6r k\u00f6pare och s\u00e4ljare p\u00e5 bostadsmarknaden. JP h\u00e4ngde med p\u00e5 en&hellip;\n","protected":false},"author":2,"featured_media":132726,"comment_status":"","ping_status":"","sticky":false,"template":"","format":"standard","meta":{"footnotes":""},"categories":[65],"tags":[72,70,71,34,31,33,32,30],"class_list":{"0":"post-132725","1":"post","2":"type-post","3":"status-publish","4":"format-standard","5":"has-post-thumbnail","7":"category-ekonomi","8":"tag-business","9":"tag-economy","10":"tag-ekonomi","11":"tag-se","12":"tag-svenska","13":"tag-sverige","14":"tag-sweden","15":"tag-swedish"},"share_on_mastodon":{"url":"https:\/\/pubeurope.com\/@se\/115879583619643734","error":""},"_links":{"self":[{"href":"https:\/\/www.europesays.com\/se\/wp-json\/wp\/v2\/posts\/132725","targetHints":{"allow":["GET"]}}],"collection":[{"href":"https:\/\/www.europesays.com\/se\/wp-json\/wp\/v2\/posts"}],"about":[{"href":"https:\/\/www.europesays.com\/se\/wp-json\/wp\/v2\/types\/post"}],"author":[{"embeddable":true,"href":"https:\/\/www.europesays.com\/se\/wp-json\/wp\/v2\/users\/2"}],"replies":[{"embeddable":true,"href":"https:\/\/www.europesays.com\/se\/wp-json\/wp\/v2\/comments?post=132725"}],"version-history":[{"count":0,"href":"https:\/\/www.europesays.com\/se\/wp-json\/wp\/v2\/posts\/132725\/revisions"}],"wp:featuredmedia":[{"embeddable":true,"href":"https:\/\/www.europesays.com\/se\/wp-json\/wp\/v2\/media\/132726"}],"wp:attachment":[{"href":"https:\/\/www.europesays.com\/se\/wp-json\/wp\/v2\/media?parent=132725"}],"wp:term":[{"taxonomy":"category","embeddable":true,"href":"https:\/\/www.europesays.com\/se\/wp-json\/wp\/v2\/categories?post=132725"},{"taxonomy":"post_tag","embeddable":true,"href":"https:\/\/www.europesays.com\/se\/wp-json\/wp\/v2\/tags?post=132725"}],"curies":[{"name":"wp","href":"https:\/\/api.w.org\/{rel}","templated":true}]}}