{"id":132727,"date":"2026-01-12T01:42:14","date_gmt":"2026-01-12T01:42:14","guid":{"rendered":"https:\/\/www.europesays.com\/se\/132727\/"},"modified":"2026-01-12T01:42:14","modified_gmt":"2026-01-12T01:42:14","slug":"just-nu-fullt-utvecklad-brand-pa-villavind-nwt","status":"publish","type":"post","link":"https:\/\/www.europesays.com\/se\/132727\/","title":{"rendered":"JUST NU: Fullt utvecklad brand p\u00e5 villavind &#8211; NWT"},"content":{"rendered":"<ol>\n<li><a href=\"https:\/\/news.google.com\/rss\/articles\/CBMie0FVX3lxTE9HUGFOSW1LaFJqQ1liRlk2WlFVMUhPNC1hdmkyTWoyZWJiWndVNy1PSGFhRnY3V01ZbXZRZkNqZXg0OVBoVHc2Z1h4amgwYjdmdzRXVElWa0swdUM4V3Jhd0trNmhIN2FDMl9Qc1VlR00xeU5QYWVxYWk1UQ?oc=5\" target=\"_blank\" rel=\"nofollow noopener\">JUST NU: Fullt utvecklad brand p\u00e5 villavind<\/a>&nbsp;&nbsp;NWT<\/li>\n<li><a href=\"https:\/\/news.google.com\/rss\/articles\/CBMiswFBVV95cUxOMTRBTDROYktOUnYzNExYeFRSY016MnZqXzBNYnZpdzY5aExnZGF1RndLQjE3dzhFb0FKV3NtYzlqTHFFekNnNXRnc24yUm1VMVlycUxHWDhNekRNeENFV3pJZThEaWZSS0d5TVpMNWpGOG9GYzRNS2VwTlJqMkhNZG9yVkhPYWxwM2pWV09CYndnTWNMSExvQjRSamRWV1BLVUhaU3oyVVg0RGJST1J1SmhaYw?oc=5\" target=\"_blank\" rel=\"nofollow noopener\">JUST NU: Fullt utvecklad brand i villa \u2013 r\u00f6kdykare har g\u00e5tt in: \u201dVill f\u00f6rhindra spridning\u201d<\/a>&nbsp;&nbsp;NWT<\/li>\n<li><a href=\"https:\/\/news.google.com\/rss\/articles\/CBMiigFBVV95cUxPbTV2bVZneHZ1ZDFEd1EzTnVaczQ0U1NmQk9WS1BhZmFqM0djdGozcDIzNVg0ZC1tcGd1cHZrb1AxMU5NZ1pXdFFWUjVXQzYyZjY0VjJNalpUaEktMFJOc1ZCSllDZk84WEdKOF9faEthdGtvX2I3OGRUX1BVdEQ0N2pBVktuV0ZBdGc?oc=5\" target=\"_blank\" rel=\"nofollow noopener\">Brand i villa \u2013 r\u00f6kdykare g\u00e5tt in<\/a>&nbsp;&nbsp;Aftonbladet<\/li>\n<li><a href=\"https:\/\/news.google.com\/rss\/articles\/CBMimgFBVV95cUxPeGdxanhzWTZtRnYxbE5BOGgybW9RYmFGMkFpdUdKYVVSNGdqek1vb1I4eDFPSXQ4Z3h1QjdoaDZFOE1scG0tNzJmRzZxaDFSMk10UW9VNkdvalpBbURGMDlabFZiT3A1ZWRKbmtWamtzMHZETEE5Qk80ZGlzb2N0NDdUSERVbWV1alFROUxBSklCZnluRXFjb09n?oc=5\" target=\"_blank\" rel=\"nofollow noopener\">JUST NU: Brand i villa \u2013 r\u00e4ddningstj\u00e4nsten har g\u00e5tt in med r\u00f6kdykare<\/a>&nbsp;&nbsp;NWT<\/li>\n<li><a href=\"https:\/\/news.google.com\/rss\/articles\/CBMisgFBVV95cUxNNVVQYTFPdEZub3REZWx0MU1PQ1hodjFlT0kxdklOdlF1QWhSSnhIVnp3VU1rZW9xLWIySGV5S0s1TDlIenQ2Y0RaOHI3RzhmQ1Z3ZWdWb3k1QnA3SWp3VEljZXpQa3M4dzRCaWczYm9MajBDaGphMDU5QmlucS0xWUVCeFNGbm11V2Q2YmxVdEszTUk4dm0xclBKdzFyWDRDNXFMaG91TFJBU1EzZlVHNGFB?oc=5\" target=\"_blank\" rel=\"nofollow noopener\">JUST NU: Fullt utvecklad brand i villa \u2013 sju enheter p\u00e5 plats: \u201dVill f\u00f6rhindra spridning\u201d<\/a>&nbsp;&nbsp;NWT<\/li>\n<\/ol>\n","protected":false},"excerpt":{"rendered":"JUST NU: Fullt utvecklad brand p\u00e5 villavind&nbsp;&nbsp;NWT JUST NU: Fullt utvecklad brand i villa \u2013 r\u00f6kdykare har g\u00e5tt&hellip;\n","protected":false},"author":2,"featured_media":132728,"comment_status":"","ping_status":"","sticky":false,"template":"","format":"standard","meta":{"footnotes":""},"categories":[12],"tags":[22,23,26,27,17,21,24,25,28,29,15,16,18,34,31,33,32,30,19,20],"class_list":{"0":"post-132727","1":"post","2":"type-post","3":"status-publish","4":"format-standard","5":"has-post-thumbnail","7":"category-sverige","8":"tag-breaking-news","9":"tag-breakingnews","10":"tag-featured-news","11":"tag-featurednews","12":"tag-headlines","13":"tag-huvudnyheter","14":"tag-latest-news","15":"tag-latestnews","16":"tag-main-news","17":"tag-mainnews","18":"tag-news","19":"tag-nyheter","20":"tag-rubriker","21":"tag-se","22":"tag-svenska","23":"tag-sverige","24":"tag-sweden","25":"tag-swedish","26":"tag-top-stories","27":"tag-topstories"},"share_on_mastodon":{"url":"https:\/\/pubeurope.com\/@se\/115879591416710738","error":""},"_links":{"self":[{"href":"https:\/\/www.europesays.com\/se\/wp-json\/wp\/v2\/posts\/132727","targetHints":{"allow":["GET"]}}],"collection":[{"href":"https:\/\/www.europesays.com\/se\/wp-json\/wp\/v2\/posts"}],"about":[{"href":"https:\/\/www.europesays.com\/se\/wp-json\/wp\/v2\/types\/post"}],"author":[{"embeddable":true,"href":"https:\/\/www.europesays.com\/se\/wp-json\/wp\/v2\/users\/2"}],"replies":[{"embeddable":true,"href":"https:\/\/www.europesays.com\/se\/wp-json\/wp\/v2\/comments?post=132727"}],"version-history":[{"count":0,"href":"https:\/\/www.europesays.com\/se\/wp-json\/wp\/v2\/posts\/132727\/revisions"}],"wp:featuredmedia":[{"embeddable":true,"href":"https:\/\/www.europesays.com\/se\/wp-json\/wp\/v2\/media\/132728"}],"wp:attachment":[{"href":"https:\/\/www.europesays.com\/se\/wp-json\/wp\/v2\/media?parent=132727"}],"wp:term":[{"taxonomy":"category","embeddable":true,"href":"https:\/\/www.europesays.com\/se\/wp-json\/wp\/v2\/categories?post=132727"},{"taxonomy":"post_tag","embeddable":true,"href":"https:\/\/www.europesays.com\/se\/wp-json\/wp\/v2\/tags?post=132727"}],"curies":[{"name":"wp","href":"https:\/\/api.w.org\/{rel}","templated":true}]}}