{"id":132729,"date":"2026-01-12T01:51:13","date_gmt":"2026-01-12T01:51:13","guid":{"rendered":"https:\/\/www.europesays.com\/se\/132729\/"},"modified":"2026-01-12T01:51:13","modified_gmt":"2026-01-12T01:51:13","slug":"oppettider-trygghetspunkter-12-januari-soderhamns-kommun","status":"publish","type":"post","link":"https:\/\/www.europesays.com\/se\/132729\/","title":{"rendered":"\u00d6ppettider trygghetspunkter 12 januari &#8211; S\u00f6derhamns kommun"},"content":{"rendered":"<p class=\"font-normal\">Trygghetspunkterna i Bergvik, Holmsveden, Ljusne, Str\u00e5tj\u00e4ra, och Tr\u00f6n\u00f6 kommer ha fortsatt behovsstyrt \u00f6ppeth\u00e5llande under m\u00e5ndagen den 12 januari.<\/p>\n<p class=\"font-normal\">Bergvik, Holmsveden, Ljusne och Str\u00e5tj\u00e4ra har behovsstyrt \u00f6ppeth\u00e5llande mellan klockan 10:00-18:00. Tr\u00f6n\u00f6 har behovsstyrt \u00f6ppeth\u00e5llande mellan klockan 17:00-20:00.<\/p>\n<p class=\"font-normal\">Behovsstyrt \u00f6ppeth\u00e5llande inneb\u00e4r att den som har behov av att komma in i lokalen mellan kl 10:00-18:00 (Bergvik, Holmsveden, Ljusne och Str\u00e5tj\u00e4ra) eller mellan kl 17:00-20:00 (Tr\u00f6n\u00f6) f\u00f6r exempelvis \u00e5tkomst till toalett, vatten, laddning av telefon och v\u00e4rme kontaktar kommunens journummer 0270-723 13.<\/p>\n<p class=\"font-normal\">L\u00e4s mer: <a href=\"https:\/\/www.soderhamn.se\/sidor\/arkiv\/nyhetsarkiv\/nyheter\/2026-01-03-oppna-trygghetspunkter-i-kommunen.html\" rel=\"nofollow noopener\" target=\"_blank\">\u00d6ppna trygghetspunkter<\/a><\/p>\n","protected":false},"excerpt":{"rendered":"Trygghetspunkterna i Bergvik, Holmsveden, Ljusne, Str\u00e5tj\u00e4ra, och Tr\u00f6n\u00f6 kommer ha fortsatt behovsstyrt \u00f6ppeth\u00e5llande under m\u00e5ndagen den 12 januari.&hellip;\n","protected":false},"author":2,"featured_media":126638,"comment_status":"","ping_status":"","sticky":false,"template":"","format":"standard","meta":{"footnotes":""},"categories":[12],"tags":[22,23,26,27,17,21,24,25,28,29,15,16,18,34,31,33,32,30,19,20],"class_list":{"0":"post-132729","1":"post","2":"type-post","3":"status-publish","4":"format-standard","5":"has-post-thumbnail","7":"category-sverige","8":"tag-breaking-news","9":"tag-breakingnews","10":"tag-featured-news","11":"tag-featurednews","12":"tag-headlines","13":"tag-huvudnyheter","14":"tag-latest-news","15":"tag-latestnews","16":"tag-main-news","17":"tag-mainnews","18":"tag-news","19":"tag-nyheter","20":"tag-rubriker","21":"tag-se","22":"tag-svenska","23":"tag-sverige","24":"tag-sweden","25":"tag-swedish","26":"tag-top-stories","27":"tag-topstories"},"share_on_mastodon":{"url":"https:\/\/pubeurope.com\/@se\/115879626832311223","error":""},"_links":{"self":[{"href":"https:\/\/www.europesays.com\/se\/wp-json\/wp\/v2\/posts\/132729","targetHints":{"allow":["GET"]}}],"collection":[{"href":"https:\/\/www.europesays.com\/se\/wp-json\/wp\/v2\/posts"}],"about":[{"href":"https:\/\/www.europesays.com\/se\/wp-json\/wp\/v2\/types\/post"}],"author":[{"embeddable":true,"href":"https:\/\/www.europesays.com\/se\/wp-json\/wp\/v2\/users\/2"}],"replies":[{"embeddable":true,"href":"https:\/\/www.europesays.com\/se\/wp-json\/wp\/v2\/comments?post=132729"}],"version-history":[{"count":0,"href":"https:\/\/www.europesays.com\/se\/wp-json\/wp\/v2\/posts\/132729\/revisions"}],"wp:featuredmedia":[{"embeddable":true,"href":"https:\/\/www.europesays.com\/se\/wp-json\/wp\/v2\/media\/126638"}],"wp:attachment":[{"href":"https:\/\/www.europesays.com\/se\/wp-json\/wp\/v2\/media?parent=132729"}],"wp:term":[{"taxonomy":"category","embeddable":true,"href":"https:\/\/www.europesays.com\/se\/wp-json\/wp\/v2\/categories?post=132729"},{"taxonomy":"post_tag","embeddable":true,"href":"https:\/\/www.europesays.com\/se\/wp-json\/wp\/v2\/tags?post=132729"}],"curies":[{"name":"wp","href":"https:\/\/api.w.org\/{rel}","templated":true}]}}