{"id":132730,"date":"2026-01-12T01:55:07","date_gmt":"2026-01-12T01:55:07","guid":{"rendered":"https:\/\/www.europesays.com\/se\/132730\/"},"modified":"2026-01-12T01:55:07","modified_gmt":"2026-01-12T01:55:07","slug":"stellan-skarsgard-vinner-en-golden-globe","status":"publish","type":"post","link":"https:\/\/www.europesays.com\/se\/132730\/","title":{"rendered":"Stellan Skarsg\u00e5rd vinner en Golden Globe"},"content":{"rendered":"<p>Skarsg\u00e5rd bel\u00f6nas f\u00f6r en roll som f\u00e5tt stort genomslag och hyllats av b\u00e5de kritiker och publik.<\/p>\n<p>Han har tidigare bel\u00f6nats med flera tunga utm\u00e4rkelser under sin l\u00e5nga karri\u00e4r. 2020 vann han en Golden Globe f\u00f6r b\u00e4sta manliga biroll f\u00f6r sin gestaltning av Boris Sjtjerbina i serien \u201dChernobyl\u201d.<\/p>\n<p>I Sverige har han tilldelats flera Guldbaggar, bland annat f\u00f6r sina roller i \u201dKvinnorna p\u00e5 taket\u201d och \u201dBorg\u201d, d\u00e4r han gestaltade tennislegenden Lennart Bergelin. Redan tidigt i karri\u00e4ren prisades han internationellt med Silverbj\u00f6rnen f\u00f6r b\u00e4sta manliga sk\u00e5despelare vid filmfestivalen i Berlin f\u00f6r sin roll i \u201dDen enfaldige m\u00f6rdaren\u201d.<\/p>\n","protected":false},"excerpt":{"rendered":"Skarsg\u00e5rd bel\u00f6nas f\u00f6r en roll som f\u00e5tt stort genomslag och hyllats av b\u00e5de kritiker och publik. Han har&hellip;\n","protected":false},"author":2,"featured_media":132731,"comment_status":"","ping_status":"","sticky":false,"template":"","format":"standard","meta":{"footnotes":""},"categories":[67],"tags":[104,34,31,33,32,30,105],"class_list":{"0":"post-132730","1":"post","2":"type-post","3":"status-publish","4":"format-standard","5":"has-post-thumbnail","7":"category-underhallning","8":"tag-entertainment","9":"tag-se","10":"tag-svenska","11":"tag-sverige","12":"tag-sweden","13":"tag-swedish","14":"tag-underhallning"},"share_on_mastodon":{"url":"https:\/\/pubeurope.com\/@se\/115879642579112202","error":""},"_links":{"self":[{"href":"https:\/\/www.europesays.com\/se\/wp-json\/wp\/v2\/posts\/132730","targetHints":{"allow":["GET"]}}],"collection":[{"href":"https:\/\/www.europesays.com\/se\/wp-json\/wp\/v2\/posts"}],"about":[{"href":"https:\/\/www.europesays.com\/se\/wp-json\/wp\/v2\/types\/post"}],"author":[{"embeddable":true,"href":"https:\/\/www.europesays.com\/se\/wp-json\/wp\/v2\/users\/2"}],"replies":[{"embeddable":true,"href":"https:\/\/www.europesays.com\/se\/wp-json\/wp\/v2\/comments?post=132730"}],"version-history":[{"count":0,"href":"https:\/\/www.europesays.com\/se\/wp-json\/wp\/v2\/posts\/132730\/revisions"}],"wp:featuredmedia":[{"embeddable":true,"href":"https:\/\/www.europesays.com\/se\/wp-json\/wp\/v2\/media\/132731"}],"wp:attachment":[{"href":"https:\/\/www.europesays.com\/se\/wp-json\/wp\/v2\/media?parent=132730"}],"wp:term":[{"taxonomy":"category","embeddable":true,"href":"https:\/\/www.europesays.com\/se\/wp-json\/wp\/v2\/categories?post=132730"},{"taxonomy":"post_tag","embeddable":true,"href":"https:\/\/www.europesays.com\/se\/wp-json\/wp\/v2\/tags?post=132730"}],"curies":[{"name":"wp","href":"https:\/\/api.w.org\/{rel}","templated":true}]}}