{"id":132734,"date":"2026-01-12T02:03:09","date_gmt":"2026-01-12T02:03:09","guid":{"rendered":"https:\/\/www.europesays.com\/se\/132734\/"},"modified":"2026-01-12T02:03:09","modified_gmt":"2026-01-12T02:03:09","slug":"zara-larssons-svar-jag-sa-inget-galet","status":"publish","type":"post","link":"https:\/\/www.europesays.com\/se\/132734\/","title":{"rendered":"Zara Larssons svar: \u201dJag sa inget galet\u201d"},"content":{"rendered":"<p>Publicerad 11 jan 2026 kl 23.21Uppdaterad kl 23.38<\/p>\n<p>Popstj\u00e4rnans k\u00e4rleksf\u00f6rklarning till kriminella blev viral.<\/p>\n<p>Nu svarar hon \u201dtrollen\u201d och menar att det \u00e4r bra att man inte alltid beh\u00f6ver vara \u00f6verens.<\/p>\n<p>\u2013 Jag sa verkligen ingenting galet, jag svarade bara trollen, s\u00e4ger Zara Larsson i en video p\u00e5 Instagram.<\/p>\n<p>Senaste n\u00f6jesklippen fr\u00e5n Expressen.<img   alt=\"\"\/><\/p>\n<p>P\u00e5 Instagram hintar Zara Larsson om att hon har blivit \u201dshadowbannad\u201d, blivit osynliggjord av plattformen, efter g\u00e5rdagens explosiva inl\u00e4gg.<\/p>\n<p>Foto: Sk\u00e4rmdump \/ Instagram<\/p>\n<p>\u00d6ppna bild i helsk\u00e4rm<img loading=\"lazy\"   alt=\"\"\/><\/p>\n<p>I en serie inl\u00e4gg uttrycker sig Zara Larsson om g\u00e5rdagens uppst\u00e5ndelse.<\/p>\n<p>Foto: Sk\u00e4rmdump \/ Instagram<\/p>\n<p>\u00d6ppna bild i helsk\u00e4rm<img loading=\"lazy\"   alt=\"\"\/><\/p>\n<p>Zara Larsson.<\/p>\n<p>Foto: INSTAR \/ STELLA PICTURES \/ STELLA PICTURES<\/p>\n<p>\u00d6ppna bild i helsk\u00e4rm<\/p>\n<p><a href=\"https:\/\/www.expressen.se\/tagg\/person\/zara-larsson\/\" class=\"\" rel=\"nofollow noopener\" target=\"_blank\">Zara Larsson<\/a> postade under l\u00f6rdagen en serie inl\u00e4gg d\u00e4r hon bland annat f\u00f6rkunnade att hon \u00e4lskar kriminella och hatar den amerikanska migrationsmyndigheten ICE.<\/p>\n<p>Inl\u00e4gget fick stor spridning och m\u00e4ngder av reaktioner p\u00e5 bland annat X. Nu har den svenska popstj\u00e4rnan tagit bladet ur munnen igen och menar att hon till viss del inte f\u00f6rst\u00e5r uppst\u00e5ndelsen.\u00a0<\/p>\n<p>\u2013 Jag sa verkligen ingenting galet, jag svarade bara trollen, s\u00e4ger hon i en video p\u00e5 Instagram.\u00a0<\/p>\n<p>Kritiken fr\u00e5n Trump-supportrar<\/p>\n<p>Hon menar att Trump anh\u00e4ngare har blivit v\u00e4ldigt arga \u00f6ver att hon sa att hon \u00e4lskade kriminella.\u00a0<\/p>\n<p>\u2013 Dom r\u00f6stade p\u00e5 en med 34 domar f\u00f6r att bli president? Vissa \u00e5ker in i f\u00e4ngelse f\u00f6r att ha snattat eller f\u00f6r att ha r\u00f6kt marijuana, andra f\u00e5r styra ett land f\u00f6r v\u00e4rre, skriver hon i ett inl\u00e4gg.<\/p>\n<p>\u2013 Bara f\u00f6r att n\u00e5gon har blivit d\u00f6md, g\u00f6r det inte dem till en d\u00e5lig person, till\u00e4gger hon.<\/p>\n<p>Zara Larsson uttrycker tacksamhet \u00f6ver att hon bor i Sverige och f\u00f6r den grundlagsstadgade yttrandefriheten.<\/p>\n<p>\u201dTacksam f\u00f6r att vi kan vara oeniga\u201d\u00a0<\/p>\n<p>\u2013 Jag f\u00e5r kritisera regeringen, jag f\u00e5r kritisera politiska ledare, jag f\u00e5r uttala mig om religion och f\u00e5r kl\u00e4 mig hur jag vill, utan att vara r\u00e4dd f\u00f6r att hamna i f\u00e4ngelse. Jag tycker folket i Iran och m\u00e4nniskor runtom i v\u00e4rlden, som har en regim som f\u00f6rtrycker dem, \u00e4r s\u00e5 modiga.\u00a0<\/p>\n<p>Hon uttrycker \u00e4ven en tacksamhet mot de som \u00e4r \u201dv\u00e4ldigt elaka mot henne\u201d. \u00a0<\/p>\n<p>\u2013 \u00c4ven trollen som \u00e4r v\u00e4ldigt elaka mot mig, jag \u00e4r tacksam f\u00f6r att vi kan vara oeniga, s\u00e4ger Zara Larsson.\u00a0<\/p>\n<p><strong>L\u00c4S MER: <\/strong><a href=\"https:\/\/www.expressen.se\/noje\/zara-larssons-ilska-mot-ice-jag-alskar-kriminella-\/\" class=\"\" rel=\"nofollow noopener\" target=\"_blank\">Zara Larssons ilska mot ICE: \u201dJag \u00e4lskar kriminella\u201d<\/a><\/p>\n","protected":false},"excerpt":{"rendered":"Publicerad 11 jan 2026 kl 23.21Uppdaterad kl 23.38 Popstj\u00e4rnans k\u00e4rleksf\u00f6rklarning till kriminella blev viral. Nu svarar hon \u201dtrollen\u201d&hellip;\n","protected":false},"author":2,"featured_media":132735,"comment_status":"","ping_status":"","sticky":false,"template":"","format":"standard","meta":{"footnotes":""},"categories":[67],"tags":[104,4086,34,31,33,32,30,402,105],"class_list":{"0":"post-132734","1":"post","2":"type-post","3":"status-publish","4":"format-standard","5":"has-post-thumbnail","7":"category-underhallning","8":"tag-entertainment","9":"tag-person-zara-larsson","10":"tag-se","11":"tag-svenska","12":"tag-sverige","13":"tag-sweden","14":"tag-swedish","15":"tag-topic-artister","16":"tag-underhallning"},"share_on_mastodon":{"url":"https:\/\/pubeurope.com\/@se\/115879674073953828","error":""},"_links":{"self":[{"href":"https:\/\/www.europesays.com\/se\/wp-json\/wp\/v2\/posts\/132734","targetHints":{"allow":["GET"]}}],"collection":[{"href":"https:\/\/www.europesays.com\/se\/wp-json\/wp\/v2\/posts"}],"about":[{"href":"https:\/\/www.europesays.com\/se\/wp-json\/wp\/v2\/types\/post"}],"author":[{"embeddable":true,"href":"https:\/\/www.europesays.com\/se\/wp-json\/wp\/v2\/users\/2"}],"replies":[{"embeddable":true,"href":"https:\/\/www.europesays.com\/se\/wp-json\/wp\/v2\/comments?post=132734"}],"version-history":[{"count":0,"href":"https:\/\/www.europesays.com\/se\/wp-json\/wp\/v2\/posts\/132734\/revisions"}],"wp:featuredmedia":[{"embeddable":true,"href":"https:\/\/www.europesays.com\/se\/wp-json\/wp\/v2\/media\/132735"}],"wp:attachment":[{"href":"https:\/\/www.europesays.com\/se\/wp-json\/wp\/v2\/media?parent=132734"}],"wp:term":[{"taxonomy":"category","embeddable":true,"href":"https:\/\/www.europesays.com\/se\/wp-json\/wp\/v2\/categories?post=132734"},{"taxonomy":"post_tag","embeddable":true,"href":"https:\/\/www.europesays.com\/se\/wp-json\/wp\/v2\/tags?post=132734"}],"curies":[{"name":"wp","href":"https:\/\/api.w.org\/{rel}","templated":true}]}}