{"id":132738,"date":"2026-01-12T02:16:14","date_gmt":"2026-01-12T02:16:14","guid":{"rendered":"https:\/\/www.europesays.com\/se\/132738\/"},"modified":"2026-01-12T02:16:14","modified_gmt":"2026-01-12T02:16:14","slug":"stellan-skarsgard-vinner-for-basta-biroll","status":"publish","type":"post","link":"https:\/\/www.europesays.com\/se\/132738\/","title":{"rendered":"Stellan Skarsg\u00e5rd vinner f\u00f6r b\u00e4sta biroll"},"content":{"rendered":"<p><a data-test-tag=\"internal-link\" href=\"https:\/\/www.aftonbladet.se\/av\/johan-edgar\" class=\"hyperion-css-13ns1rr\" rel=\"nofollow noopener\" target=\"\" aria-label=\"Se alla artiklar av Johan Edgar\"><img decoding=\"async\" class=\"image-asset hyperion-css-n6kkq1\" data-test-tag=\"image-asset\" src=\"https:\/\/www.europesays.com\/se\/wp-content\/uploads\/2026\/01\/1768184174_353_95268424-8e04-40ee-ba36-b98d6cc58976.png\"  alt=\"\"  loading=\"lazy\" fetchpriority=\"auto\" style=\"aspect-ratio:1900 \/ 1900\"\/><\/a><\/p>\n<p class=\"boxtextgrotesk-root_baa6 hyperion-css-7pajle\">Uppdaterad 02.58 | Publicerad 02.30<\/p>\n<p>share-arrowDela<\/p>\n<p>unsaveSpara<\/p>\n<p>expand-left<\/p>\n<p>helsk\u00e4rm<img decoding=\"async\" class=\"image-asset hyperion-css-u06ts1\" data-test-tag=\"image-asset\" src=\"https:\/\/www.europesays.com\/se\/wp-content\/uploads\/2026\/01\/4c20565f-7220-4958-a9c4-b062b93017ef.jpeg\"  alt=\"Stellan Skarsg\u00e5rd och Megan Everett-Skarsg\u00e5rd p\u00e5 Golden Globe-galan i natt.\"  loading=\"eager\" fetchpriority=\"high\" style=\"aspect-ratio:1900 \/ 1267\"\/>Stellan Skarsg\u00e5rd och Megan Everett-Skarsg\u00e5rd p\u00e5 Golden Globe-galan i natt. Foto: Jordan Strauss \/ AP<\/p>\n<p class=\"hyperion-css-1shl3oz\" data-test-tag=\"lead-text\">Stellan Skarsg\u00e5rd vinner en Golden Globe f\u00f6r rollen i \u201dSentimental Value\u201d.<\/p>\n<p class=\"hyperion-css-1shl3oz\" data-test-tag=\"lead-text\">\u2013 Jag trodde jag var f\u00f6r gammal, s\u00e4ger 74-\u00e5ringen i sitt tacktal.<\/p>\n<p class=\"hyperion-css-1v9qo5x\">Det blev svensk succ\u00e9 n\u00e4r Golden Globe-galan h\u00f6lls i Los Angeles under natten till m\u00e5ndagen.<\/p>\n<p class=\"hyperion-css-1v9qo5x\"><a data-test-tag=\"internal-link\" href=\"https:\/\/www.aftonbladet.se\/tagg\/stellan-skarsgard\" class=\"hyperion-css-15jkft9\" rel=\"nofollow noopener\" target=\"\" aria-label=\"Stellan Skarsg\u00e5rd\">Stellan Skarsg\u00e5rd<\/a> som var nominerad till priset f\u00f6r b\u00e4sta manliga biroll i en l\u00e5ngfilm tilldelas statyetten f\u00f6r sin roll i \u201dSentimental Value\u201d.<\/p>\n<p class=\"hyperion-css-1v9qo5x\">Och det var en f\u00f6rv\u00e5nad svensk 74-\u00e5ring som h\u00f6ll sitt tacktal.<\/p>\n<p class=\"hyperion-css-1v9qo5x\">\u2013 Jag var inte beredd p\u00e5 det h\u00e4r eftersom jag trodde att jag var f\u00f6r gammal, s\u00e4ger han.<\/p>\n<p class=\"hyperion-css-1v9qo5x\">Skarsg\u00e5rd tackade sin fru \u2013 och sina barn f\u00f6r hj\u00e4lp med sin vinnande roll.<\/p>\n<p class=\"hyperion-css-1v9qo5x\">\u2013 Jag spelar en pappa som \u00e4r en d\u00e5lig pappa och mina barn har ber\u00e4ttat f\u00f6r mig hur en d\u00e5lig pappa verkligen \u00e4r, sa han sk\u00e4mtsamt.<\/p>\n<p>\u00d6verraskande vinst<\/p>\n<p class=\"hyperion-css-1v9qo5x\">\u2013 Jag t\u00e4nker inte tillbringa de kommande sex minuterna p\u00e5 att tacka alla i eftertexterna. De vet att jag \u00e4lskar dem.<\/p>\n<p class=\"hyperion-css-1v9qo5x\">Enligt The New York Times var priset en stor \u00f6verraskning.<\/p>\n<p class=\"hyperion-css-1v9qo5x\">Priset f\u00f6r b\u00e4sta manliga biroll v\u00e4ntades g\u00e5 till antingen Sean Penn eller Benicio Del Toro som b\u00e4gge var nominerade f\u00f6r filmen \u201dOne Battle After Another\u201d.<\/p>\n<p class=\"hyperion-css-1v9qo5x\">\u201dDe g\u00f6r det intressant\u201d, skriver tidningen i sin direktrapportering fr\u00e5n galan och hyllar ocks\u00e5 Stellan Skarsg\u00e5rd f\u00f6r hans humoristiska tacktal.<\/p>\n<p class=\"hyperion-css-1v9qo5x\">B\u00e4sta kvinnliga biroll gick dock till \u201dOne Battle After Another\u201d genom Teyana Taylor. <\/p>\n<p>Kan \u00f6ppna f\u00f6r Oscarsnominering<\/p>\n<p class=\"hyperion-css-1v9qo5x\">Det var Stellan Skarsg\u00e5rds andra Golden Globe. Han har tidigare vunnit en f\u00f6r sin roll i tv-serien Chernobyl.<\/p>\n<p class=\"hyperion-css-1v9qo5x\">Golden Globe-galan ses allm\u00e4nt som den n\u00e4st mest prestigefyllda prisutdelningen i Hollywood. Vilka som f\u00e5r priserna p\u00e5 galan kan p\u00e5verka hur m\u00e5nga v\u00e4ljer att l\u00e4gga sin r\u00f6ster till Oscarsgalan, skriver TT.<\/p>\n<p class=\"hyperion-css-1v9qo5x\">Oscarsnomineringarna presenteras den 22 januari.<\/p>\n","protected":false},"excerpt":{"rendered":"Uppdaterad 02.58 | Publicerad 02.30 share-arrowDela unsaveSpara expand-left helsk\u00e4rmStellan Skarsg\u00e5rd och Megan Everett-Skarsg\u00e5rd p\u00e5 Golden Globe-galan i natt.&hellip;\n","protected":false},"author":2,"featured_media":132739,"comment_status":"","ping_status":"","sticky":false,"template":"","format":"standard","meta":{"footnotes":""},"categories":[5],"tags":[22,23,26,27,17,21,24,25,28,29,15,16,18,34,31,33,32,30,19,20],"class_list":{"0":"post-132738","1":"post","2":"type-post","3":"status-publish","4":"format-standard","5":"has-post-thumbnail","7":"category-rubriker","8":"tag-breaking-news","9":"tag-breakingnews","10":"tag-featured-news","11":"tag-featurednews","12":"tag-headlines","13":"tag-huvudnyheter","14":"tag-latest-news","15":"tag-latestnews","16":"tag-main-news","17":"tag-mainnews","18":"tag-news","19":"tag-nyheter","20":"tag-rubriker","21":"tag-se","22":"tag-svenska","23":"tag-sverige","24":"tag-sweden","25":"tag-swedish","26":"tag-top-stories","27":"tag-topstories"},"share_on_mastodon":{"url":"https:\/\/pubeurope.com\/@se\/115879725204208615","error":""},"_links":{"self":[{"href":"https:\/\/www.europesays.com\/se\/wp-json\/wp\/v2\/posts\/132738","targetHints":{"allow":["GET"]}}],"collection":[{"href":"https:\/\/www.europesays.com\/se\/wp-json\/wp\/v2\/posts"}],"about":[{"href":"https:\/\/www.europesays.com\/se\/wp-json\/wp\/v2\/types\/post"}],"author":[{"embeddable":true,"href":"https:\/\/www.europesays.com\/se\/wp-json\/wp\/v2\/users\/2"}],"replies":[{"embeddable":true,"href":"https:\/\/www.europesays.com\/se\/wp-json\/wp\/v2\/comments?post=132738"}],"version-history":[{"count":0,"href":"https:\/\/www.europesays.com\/se\/wp-json\/wp\/v2\/posts\/132738\/revisions"}],"wp:featuredmedia":[{"embeddable":true,"href":"https:\/\/www.europesays.com\/se\/wp-json\/wp\/v2\/media\/132739"}],"wp:attachment":[{"href":"https:\/\/www.europesays.com\/se\/wp-json\/wp\/v2\/media?parent=132738"}],"wp:term":[{"taxonomy":"category","embeddable":true,"href":"https:\/\/www.europesays.com\/se\/wp-json\/wp\/v2\/categories?post=132738"},{"taxonomy":"post_tag","embeddable":true,"href":"https:\/\/www.europesays.com\/se\/wp-json\/wp\/v2\/tags?post=132738"}],"curies":[{"name":"wp","href":"https:\/\/api.w.org\/{rel}","templated":true}]}}