{"id":132742,"date":"2026-01-12T02:25:15","date_gmt":"2026-01-12T02:25:15","guid":{"rendered":"https:\/\/www.europesays.com\/se\/132742\/"},"modified":"2026-01-12T02:25:15","modified_gmt":"2026-01-12T02:25:15","slug":"hot-och-ilska-om-snorojningen-kommunen-sager-ifran","status":"publish","type":"post","link":"https:\/\/www.europesays.com\/se\/132742\/","title":{"rendered":"Hot och ilska om sn\u00f6r\u00f6jningen \u2013 kommunen s\u00e4ger ifr\u00e5n"},"content":{"rendered":"<p class=\"ort\">Vallentuna<\/p>\n<p class=\"text\">Sedan ny\u00e5r har det enligt SMHI fallit mer \u00e4n 25 centimeter sn\u00f6 i Vallentuna. Mest kom under stormen Anna d\u00e5 sn\u00f6djupet \u00f6kade fr\u00e5n 8 till 24 centimeter p\u00e5 tre dagar.<\/p>\n<p class=\"text\">Svevias sn\u00f6plogar f\u00f6ljer den prioritering som kommunen beslutat. Men alla har inte f\u00f6rst\u00e5else f\u00f6r att de inte kan vara \u00f6verallt samtidigt.<\/p>\n<p class=\"text\">\u2013 Folk \u00e4r v\u00e4ldigt otrevliga, till och med aggressiva n\u00e4r de inte tycker att de f\u00e5tt sn\u00f6r\u00f6jt, s\u00e4ger gatu- och parkchef Johan Carselind. De kan vara hotfulla och uttrycka sig mycket h\u00e5rt.<\/p>\n<p><img decoding=\"async\" class=\"Image Image_\" src=\"\" data-aghref=\"http:\/\/www.mitti.se\/image-3.262656.271640.20260111173131.f9eaa1530a\" data-agimagetype=\"hardcrop\" alt=\"Johan Carselind gillar inte den aggressiva tonen. \"\/><\/p>\n<p class=\"Caption\">Johan Carselind gillar inte den aggressiva tonen. <\/p>\n<p class=\"Source\">Privat<\/p>\n<p class=\"text\">Den som \u00e4r missn\u00f6jd kan felanm\u00e4la digitalt eller ringa. Hittills i \u00e5r har sn\u00f6r\u00f6jningen felanm\u00e4lts runt 250 g\u00e5nger. <\/p>\n<p class=\"text\">&#8221;\u00c4rendet g\u00e4ller f\u00f6r Ormsta, inte specifik adress. S\u00e5 kom sen och den v\u00e4rdel\u00f6se sn\u00f6skuffaren som inte kan r\u00f6ja sn\u00f6\u201d, har en missn\u00f6jd Vallentunabo skrivit.<\/p>\n<p class=\"text\">De som ringer kan vara mycket uppr\u00f6rda.<\/p>\n<p class=\"text\">\u2013 Folk skriker verkligen i telefonen. Man blir ju r\u00e4dd, s\u00e4ger Peter Asplund. <\/p>\n<p><img decoding=\"async\" class=\"Image Image_\" src=\"\" data-aghref=\"http:\/\/www.mitti.se\/image-3.354516.271640.20260111173131.d30bcc8406\" data-agimagetype=\"hardcrop\" alt=\"&quot;Det \u00e4r inte s\u00e5 farligt att s\u00e4ga ifr\u00e5n, s\u00e4ger Peter Aslund&quot;, kommunikat\u00f6r p\u00e5 Vallentuna kommun.\"\/><\/p>\n<p class=\"Caption\">&#8221;Det \u00e4r inte s\u00e5 farligt att s\u00e4ga ifr\u00e5n, s\u00e4ger Peter Aslund&#8221;, kommunikat\u00f6r p\u00e5 Vallentuna kommun.<\/p>\n<p class=\"Source\">Privat<\/p>\n<p class=\"text\">N\u00e4r felanm\u00e4lningarna g\u00f6rs digitalt kommer de direkt till entrepren\u00f6ren som just nu jobbar h\u00e5rt med att utf\u00f6ra sitt uppdrag. I g\u00e5r, torsdag, kom det nya otrevliga klagom\u00e5l. <\/p>\n<p class=\"text\">\u2013\u00a0D\u00e5 k\u00e4nde jag att s\u00e5 h\u00e4r kan vi inte ha det. Kan vi inte bara behandla varandra som m\u00e4nniskor? De jobbar ju skiten ur sig, s\u00e4ger han.<\/p>\n<p class=\"text\">I eftermiddags la han ut ett inl\u00e4gg p\u00e5 Facebook d\u00e4r han v\u00e4nligt men best\u00e4mt sa ifr\u00e5n. Han bad dem som felanm\u00e4ler att l\u00e5ta bli kr\u00e4nkande formuleringar och p\u00e5minde om att sn\u00f6r\u00f6jarna &#8221;g\u00f6r s\u00e5 gott de kan givet sn\u00f6m\u00e4ngden&#8221;.<\/p>\n<p class=\"faktarubrik\">S\u00e5 sn\u00f6r\u00f6js Vallentuna<\/p>\n<p class=\"fakta\">F\u00f6rst plogas genomfartsleder, bussgator, torgytor samt g\u00e5ng- och cykelv\u00e4gar mot skolor. \u00c4ven skolor och \u00e4ldreboenden har h\u00f6gsta prioritet.<\/p>\n<p class=\"fakta\">D\u00e4refter prioriteras gator, g\u00e5ng- och cykelbanor efter hur stora och v\u00e4ltrafikerade de \u00e4r.<\/p>\n<p class=\"faktakalla\">K\u00e4lla: Vallentuna kommun<\/p>\n<p class=\"text\">Det \u00e4r ovanligt att myndigheter s\u00e4tter ner foten n\u00e4r allm\u00e4nhetens kommentarer och kritik blir osaklig och aggressiv. Men f\u00f6r Peter Asplund var beslutet att g\u00f6ra det inte s\u00e5 dramatiskt. <\/p>\n<p class=\"text\">\u2013 Jag \u00e4r gammal reporter och har varit med sedan internet f\u00f6ddes. Det \u00e4r inte s\u00e5 farligt att s\u00e4ga ifr\u00e5n. Man f\u00e5r v\u00e4l v\u00e5ga, vad \u00e4r det v\u00e4rsta som kan h\u00e4nda. <\/p>\n<p>Hj\u00e4ltestatus borta<\/p>\n<p class=\"text\">Enligt Peter Asplund \u00e4r problemet med arga och uppr\u00f6rda p\u00e5hopp inte nytt och inte heller unikt f\u00f6r Vallentuna.<\/p>\n<p class=\"text\">Men den n\u00e5got \u00e4ldre Johan Carselinds intryck \u00e4r att det blivit v\u00e4rre.<\/p>\n<p class=\"text\">\u2013\u00a0Det har eskalerat, s\u00e4ger han. Jag kommer ih\u00e5g n\u00e4r jag b\u00f6rjade jobba. Det var p\u00e5 NCC, som sn\u00f6r\u00f6jde. Sn\u00f6r\u00f6jarna var hj\u00e4ltar. Det gjordes reportage och de bj\u00f6ds p\u00e5 bullar och choklad.<\/p>\n","protected":false},"excerpt":{"rendered":"Vallentuna Sedan ny\u00e5r har det enligt SMHI fallit mer \u00e4n 25 centimeter sn\u00f6 i Vallentuna. Mest kom under&hellip;\n","protected":false},"author":2,"featured_media":132743,"comment_status":"","ping_status":"","sticky":false,"template":"","format":"standard","meta":{"footnotes":""},"categories":[5],"tags":[22,23,26,27,17,21,24,25,28,29,15,16,18,34,31,33,32,30,19,20],"class_list":{"0":"post-132742","1":"post","2":"type-post","3":"status-publish","4":"format-standard","5":"has-post-thumbnail","7":"category-rubriker","8":"tag-breaking-news","9":"tag-breakingnews","10":"tag-featured-news","11":"tag-featurednews","12":"tag-headlines","13":"tag-huvudnyheter","14":"tag-latest-news","15":"tag-latestnews","16":"tag-main-news","17":"tag-mainnews","18":"tag-news","19":"tag-nyheter","20":"tag-rubriker","21":"tag-se","22":"tag-svenska","23":"tag-sverige","24":"tag-sweden","25":"tag-swedish","26":"tag-top-stories","27":"tag-topstories"},"share_on_mastodon":{"url":"https:\/\/pubeurope.com\/@se\/115879760534106536","error":""},"_links":{"self":[{"href":"https:\/\/www.europesays.com\/se\/wp-json\/wp\/v2\/posts\/132742","targetHints":{"allow":["GET"]}}],"collection":[{"href":"https:\/\/www.europesays.com\/se\/wp-json\/wp\/v2\/posts"}],"about":[{"href":"https:\/\/www.europesays.com\/se\/wp-json\/wp\/v2\/types\/post"}],"author":[{"embeddable":true,"href":"https:\/\/www.europesays.com\/se\/wp-json\/wp\/v2\/users\/2"}],"replies":[{"embeddable":true,"href":"https:\/\/www.europesays.com\/se\/wp-json\/wp\/v2\/comments?post=132742"}],"version-history":[{"count":0,"href":"https:\/\/www.europesays.com\/se\/wp-json\/wp\/v2\/posts\/132742\/revisions"}],"wp:featuredmedia":[{"embeddable":true,"href":"https:\/\/www.europesays.com\/se\/wp-json\/wp\/v2\/media\/132743"}],"wp:attachment":[{"href":"https:\/\/www.europesays.com\/se\/wp-json\/wp\/v2\/media?parent=132742"}],"wp:term":[{"taxonomy":"category","embeddable":true,"href":"https:\/\/www.europesays.com\/se\/wp-json\/wp\/v2\/categories?post=132742"},{"taxonomy":"post_tag","embeddable":true,"href":"https:\/\/www.europesays.com\/se\/wp-json\/wp\/v2\/tags?post=132742"}],"curies":[{"name":"wp","href":"https:\/\/api.w.org\/{rel}","templated":true}]}}