{"id":132744,"date":"2026-01-12T02:27:23","date_gmt":"2026-01-12T02:27:23","guid":{"rendered":"https:\/\/www.europesays.com\/se\/132744\/"},"modified":"2026-01-12T02:27:23","modified_gmt":"2026-01-12T02:27:23","slug":"ny-seger-for-ibk-dalen-mot-drommotstandet-vasterbottens-kuriren","status":"publish","type":"post","link":"https:\/\/www.europesays.com\/se\/132744\/","title":{"rendered":"Ny seger f\u00f6r IBK Dalen mot dr\u00f6mmotst\u00e5ndet &#8211; V\u00e4sterbottens-Kuriren"},"content":{"rendered":"<ol>\n<li><a href=\"https:\/\/news.google.com\/rss\/articles\/CBMiggFBVV95cUxQQkhkZGpvNl9QQURIXzQ4cWEtOTktOGgyejBjSDZIeVhDdHFiZzR5NndfU3FETHhmdTctTDRBcXJrd1FBenZ4SzJmX2hNN2N6WERObVJVNkNBWmZQQ2RBZkh3R2R6U0hZQTgta2g2am03Z1l5RmhzTEVOdmU2c0xhaWtR?oc=5\" target=\"_blank\" rel=\"nofollow noopener\">Ny seger f\u00f6r IBK Dalen mot dr\u00f6mmotst\u00e5ndet<\/a>&nbsp;&nbsp;V\u00e4sterbottens-Kuriren<\/li>\n<li><a href=\"https:\/\/news.google.com\/rss\/articles\/CBMiuwFBVV95cUxNMnlzZmhkSGhBaTBuSklPeFo2QlN5Um5RUDVkY29XVnF5RlBXSUtwOFdzTmI5a3N6SkhzbVpvNmJDUFZCNzFNUVhGOTdCbWVyYlh1cVdDdGFJcGVlcXU2dXlVMzBJWDZqNlB2Wm9aeWYyRXFVTHB5SzVWWHAyQmVkSElSRVluU0NLX21JOGxJNUZnbHZsUmdLZWYzeDVDemNqQ05kNnFXS0RidXhlcUUxdHE1TGo5YUYycTFz?oc=5\" target=\"_blank\" rel=\"nofollow noopener\">Tung bortaf\u00f6rlust f\u00f6r Lind\u00e5s Rasta mot IBK Dalen<\/a>&nbsp;&nbsp;GP<\/li>\n<li><a href=\"https:\/\/news.google.com\/rss\/articles\/CBMiZkFVX3lxTFAwZ2ZzVFpUcHNpNk5UZ1hIdDJKLUIyUHhwWnA0SWNqREIzbGV5YWhtSkJZUUhaeTY1VGU2ZU54MmY2Rl9uMDc0d1FGdkhWWXFfR0c1R0dFOWFMT28zZ0NPX0JwTG1vQQ?oc=5\" target=\"_blank\" rel=\"nofollow noopener\">IBK Dalen avgjorde i andra perioden<\/a>&nbsp;&nbsp;Sm\u00e5landsposten<\/li>\n<li><a href=\"https:\/\/news.google.com\/rss\/articles\/CBMigwFBVV95cUxQVzI5cU5WWW00N28tZEwxRVEzcEZCdC0wUEx6U2ZwNkI3MVV6RnJtaU1CZVJSZGZ3UllUdUNsYkFoSXlJTWdPRTZldjd3Mk1vSXhMWjc2Z0VZeW5JaEFieDMxWEhzVTFlMmxxV2tZLVhMOVZ3ZUJpMEJJd2VOUVFVYkF1NA?oc=5\" target=\"_blank\" rel=\"nofollow noopener\">IBK Dalen v\u00e4nde underl\u00e4ge och vann<\/a>&nbsp;&nbsp;Folkbladet<\/li>\n<li><a href=\"https:\/\/news.google.com\/rss\/articles\/CBMinAFBVV95cUxPMlpvVFRuQnRXdXJzb0x6T1JJSDVoLUF0MGFReTIzUWRNS1owMTVuRkRzdlVVX1ltT0wyV05zNDUxZWNzUlJvUTBGeWdBdlhBVXY1RldRbENLVGNtMDBOS04xOU8wNW5yOWtKV1R1bHRSNnRhTmljTDJPamxSX0x5VnFGTXJ3VHNrLW9QU2FBVTE2T1hFUVhPcmZKT28?oc=5\" target=\"_blank\" rel=\"nofollow noopener\">IBK Dalens starka svit mot Lind\u00e5s Rasta forts\u00e4tter<\/a>&nbsp;&nbsp;Innebandymagazinet<\/li>\n<\/ol>\n","protected":false},"excerpt":{"rendered":"Ny seger f\u00f6r IBK Dalen mot dr\u00f6mmotst\u00e5ndet&nbsp;&nbsp;V\u00e4sterbottens-Kuriren Tung bortaf\u00f6rlust f\u00f6r Lind\u00e5s Rasta mot IBK Dalen&nbsp;&nbsp;GP IBK Dalen avgjorde&hellip;\n","protected":false},"author":2,"featured_media":132745,"comment_status":"","ping_status":"","sticky":false,"template":"","format":"standard","meta":{"footnotes":""},"categories":[68],"tags":[34,111,110,31,33,32,30],"class_list":{"0":"post-132744","1":"post","2":"type-post","3":"status-publish","4":"format-standard","5":"has-post-thumbnail","7":"category-sport","8":"tag-se","9":"tag-sport","10":"tag-sports","11":"tag-svenska","12":"tag-sverige","13":"tag-sweden","14":"tag-swedish"},"share_on_mastodon":{"url":"https:\/\/pubeurope.com\/@se\/115879768397607485","error":""},"_links":{"self":[{"href":"https:\/\/www.europesays.com\/se\/wp-json\/wp\/v2\/posts\/132744","targetHints":{"allow":["GET"]}}],"collection":[{"href":"https:\/\/www.europesays.com\/se\/wp-json\/wp\/v2\/posts"}],"about":[{"href":"https:\/\/www.europesays.com\/se\/wp-json\/wp\/v2\/types\/post"}],"author":[{"embeddable":true,"href":"https:\/\/www.europesays.com\/se\/wp-json\/wp\/v2\/users\/2"}],"replies":[{"embeddable":true,"href":"https:\/\/www.europesays.com\/se\/wp-json\/wp\/v2\/comments?post=132744"}],"version-history":[{"count":0,"href":"https:\/\/www.europesays.com\/se\/wp-json\/wp\/v2\/posts\/132744\/revisions"}],"wp:featuredmedia":[{"embeddable":true,"href":"https:\/\/www.europesays.com\/se\/wp-json\/wp\/v2\/media\/132745"}],"wp:attachment":[{"href":"https:\/\/www.europesays.com\/se\/wp-json\/wp\/v2\/media?parent=132744"}],"wp:term":[{"taxonomy":"category","embeddable":true,"href":"https:\/\/www.europesays.com\/se\/wp-json\/wp\/v2\/categories?post=132744"},{"taxonomy":"post_tag","embeddable":true,"href":"https:\/\/www.europesays.com\/se\/wp-json\/wp\/v2\/tags?post=132744"}],"curies":[{"name":"wp","href":"https:\/\/api.w.org\/{rel}","templated":true}]}}