{"id":132746,"date":"2026-01-12T02:35:32","date_gmt":"2026-01-12T02:35:32","guid":{"rendered":"https:\/\/www.europesays.com\/se\/132746\/"},"modified":"2026-01-12T02:35:32","modified_gmt":"2026-01-12T02:35:32","slug":"innala-hjalte-for-frolunda-gjorde-tre-i-malkalaset","status":"publish","type":"post","link":"https:\/\/www.europesays.com\/se\/132746\/","title":{"rendered":"Innala hj\u00e4lte f\u00f6r Fr\u00f6lunda \u2013 gjorde tre i m\u00e5lkalaset"},"content":{"rendered":"<p>Fr\u00f6lundas finske stj\u00e4rna Jere Innala stod f\u00f6r tre m\u00e5l n\u00e4r G\u00f6teborgslaget besegrade Leksand i en riktig m\u00e5lfest hemma i Scandinavium. I en sv\u00e4ngig match dunkade han in segerpucken till 5\u20134, innan lagkamraten Max Lindholm fastst\u00e4llde slutresultatet till 6\u20134 i \u00f6ppen bur. <\/p>\n<p>Fr\u00f6lundatr\u00e4naren Robert Ohlsson gl\u00e4ds \u00e5t offensiven men hade g\u00e4rna h\u00e5llit t\u00e4tt bak\u00e5t. <\/p>\n<p>\u2013 Sedan blir det lite fl\u00e4ngigt bak\u00e5t, s\u00e4ger han enligt Sportbladet. <\/p>\n<p>Omni \u00e4r politiskt obundna och oberoende. Vi str\u00e4var efter att ge fler perspektiv p\u00e5 nyheterna. Har du fr\u00e5gor eller synpunkter kring v\u00e5r rapportering? <a href=\"https:\/\/omni.se\/innala-hjalte-for-frolunda-gjorde-tre-i-malkalaset\/a\/mailto:redaktion@omni.se\" class=\"ArticleActions_contactLink__W2F1M\" rel=\"nofollow noopener\" target=\"_blank\">Kontakta redaktionen<\/a><\/p>\n","protected":false},"excerpt":{"rendered":"Fr\u00f6lundas finske stj\u00e4rna Jere Innala stod f\u00f6r tre m\u00e5l n\u00e4r G\u00f6teborgslaget besegrade Leksand i en riktig m\u00e5lfest hemma&hellip;\n","protected":false},"author":2,"featured_media":132747,"comment_status":"","ping_status":"","sticky":false,"template":"","format":"standard","meta":{"footnotes":""},"categories":[68],"tags":[3987,1472,4505,5187,34,111,110,31,33,32,30],"class_list":{"0":"post-132746","1":"post","2":"type-post","3":"status-publish","4":"format-standard","5":"has-post-thumbnail","7":"category-sport","8":"tag-frolunda-hc","9":"tag-ishockey","10":"tag-leksands-if","11":"tag-robert-ohlsson","12":"tag-se","13":"tag-sport","14":"tag-sports","15":"tag-svenska","16":"tag-sverige","17":"tag-sweden","18":"tag-swedish"},"share_on_mastodon":{"url":"https:\/\/pubeurope.com\/@se\/115879799821484305","error":""},"_links":{"self":[{"href":"https:\/\/www.europesays.com\/se\/wp-json\/wp\/v2\/posts\/132746","targetHints":{"allow":["GET"]}}],"collection":[{"href":"https:\/\/www.europesays.com\/se\/wp-json\/wp\/v2\/posts"}],"about":[{"href":"https:\/\/www.europesays.com\/se\/wp-json\/wp\/v2\/types\/post"}],"author":[{"embeddable":true,"href":"https:\/\/www.europesays.com\/se\/wp-json\/wp\/v2\/users\/2"}],"replies":[{"embeddable":true,"href":"https:\/\/www.europesays.com\/se\/wp-json\/wp\/v2\/comments?post=132746"}],"version-history":[{"count":0,"href":"https:\/\/www.europesays.com\/se\/wp-json\/wp\/v2\/posts\/132746\/revisions"}],"wp:featuredmedia":[{"embeddable":true,"href":"https:\/\/www.europesays.com\/se\/wp-json\/wp\/v2\/media\/132747"}],"wp:attachment":[{"href":"https:\/\/www.europesays.com\/se\/wp-json\/wp\/v2\/media?parent=132746"}],"wp:term":[{"taxonomy":"category","embeddable":true,"href":"https:\/\/www.europesays.com\/se\/wp-json\/wp\/v2\/categories?post=132746"},{"taxonomy":"post_tag","embeddable":true,"href":"https:\/\/www.europesays.com\/se\/wp-json\/wp\/v2\/tags?post=132746"}],"curies":[{"name":"wp","href":"https:\/\/api.w.org\/{rel}","templated":true}]}}