{"id":132750,"date":"2026-01-12T02:58:13","date_gmt":"2026-01-12T02:58:13","guid":{"rendered":"https:\/\/www.europesays.com\/se\/132750\/"},"modified":"2026-01-12T02:58:13","modified_gmt":"2026-01-12T02:58:13","slug":"robina-23-dodades-under-protesterna-i-iran","status":"publish","type":"post","link":"https:\/\/www.europesays.com\/se\/132750\/","title":{"rendered":"Robina, 23, d\u00f6dades under protesterna i Iran"},"content":{"rendered":"<p><a data-test-tag=\"internal-link\" href=\"https:\/\/www.aftonbladet.se\/av\/oskar-forsberg\" class=\"hyperion-css-13ns1rr\" rel=\"nofollow noopener\" target=\"\" aria-label=\"Se alla artiklar av Oskar Forsberg\"><img decoding=\"async\" class=\"image-asset hyperion-css-n6kkq1\" data-test-tag=\"image-asset\" src=\"https:\/\/www.europesays.com\/se\/wp-content\/uploads\/2026\/01\/1768186689_363_a3a72f59-a972-44b2-b571-2462f5ee274a.png\"  alt=\"\"  loading=\"lazy\" fetchpriority=\"auto\" style=\"aspect-ratio:1900 \/ 1900\"\/><\/a><\/p>\n<p class=\"boxtextgrotesk-root_baa6 hyperion-css-7pajle\">Uppdaterad 01.41 | Publicerad 2026-01-11 21.47<\/p>\n<p>share-arrowDela<\/p>\n<p>unsaveSpara<\/p>\n<p>expand-left<\/p>\n<p>helsk\u00e4rm<img decoding=\"async\" class=\"image-asset hyperion-css-u06ts1\" data-test-tag=\"image-asset\" src=\"https:\/\/www.europesays.com\/se\/wp-content\/uploads\/2026\/01\/d7c295c7-2f0f-4690-a572-b7eaa1c94c07.jpeg\"  alt=\"Studenten Robina Aminian blev 23 \u00e5r. Hon d\u00f6dades under en demonstration i Iran.\"  loading=\"eager\" fetchpriority=\"high\" style=\"aspect-ratio:950 \/ 790\"\/>Studenten Robina Aminian blev 23 \u00e5r. Hon d\u00f6dades under en demonstration i Iran. Foto: Privat<\/p>\n<p class=\"hyperion-css-1shl3oz\" data-test-tag=\"lead-text\">23-\u00e5riga studenten Robina d\u00f6dades i protesterna i Irans huvudstad Teheran.<\/p>\n<p class=\"hyperion-css-1shl3oz\" data-test-tag=\"lead-text\">Hennes moster Hali Minoei, 40, fick det fasansfulla beskedet f\u00f6r ett par dagar sedan.<\/p>\n<p class=\"hyperion-css-1shl3oz\" data-test-tag=\"lead-text\">\u2013 Robina demonstrerade f\u00f6r frihet, f\u00f6r r\u00e4ttigheter, f\u00f6r j\u00e4mst\u00e4lldhet. F\u00f6r ett normalt liv \u2013 som alla unga i Iran borde f\u00e5, s\u00e4ger hon till Aftonbladet.<\/p>\n<p class=\"hyperion-css-1v9qo5x\">Det iransk-kurdiska paret Neza Minoei, 40, och Hali Minoei, 40, i Oslo fick ett fruktansv\u00e4rt besked i helgen. Halis systerdotter Robina d\u00f6dades under en demonstration i Teheran. <\/p>\n<p class=\"hyperion-css-1v9qo5x\">Hon sk\u00f6ts till d\u00f6ds, <a aria-label=\"vilket VG var f\u00f6rst att rapportera om.\" class=\"default hyperion-css-15jkft9\" href=\"https:\/\/www.vg.no\/nyheter\/i\/ExpQXK\/robina-23-drept-under-protestene-i-iran\" rel=\"noopener nofollow noreferrer\" data-test-tag=\"external-link\" target=\"_blank\">vilket VG var f\u00f6rst att rapportera om.<\/a><\/p>\n<p class=\"hyperion-css-1v9qo5x\">Hali Minoei ber\u00e4ttar att hennes syster, Robinas mamma, fick ett samtal fr\u00e5n Robinas v\u00e4nner.<\/p>\n<p class=\"hyperion-css-1v9qo5x\">\u2013 De fick veta att hon hade blivit skjuten under en demonstration. De k\u00f6rde genast fr\u00e5n Kermanshah i v\u00e4stra Iran hela v\u00e4gen till Teheran f\u00f6r att h\u00e4mta hennes kropp, s\u00e4ger hon.<\/p>\n<p class=\"hyperion-css-1v9qo5x\">N\u00e4r Aftonbladet talar med henne i telefon k\u00e4mpar hon mot gr\u00e5ten och r\u00f6sten stockar sig. Hon ber\u00e4ttar hur det gick till n\u00e4r hennes syster med familj kom fram till Teheran.<\/p>\n<p>expand-left<\/p>\n<p>helsk\u00e4rm<img decoding=\"async\" class=\"image-asset hyperion-css-u06ts1\" data-test-tag=\"image-asset\" src=\"https:\/\/www.europesays.com\/se\/wp-content\/uploads\/2026\/01\/f9336b52-cc3f-4db1-a800-f3bb776f6773.jpeg\"  alt=\"Neza Minoei, 40, och Hali Minoei, 40, fick chockbeskedet f\u00f6r ett par dagar sedan.\"  loading=\"eager\" fetchpriority=\"high\" style=\"aspect-ratio:1080 \/ 741\"\/>Neza Minoei, 40, och Hali Minoei, 40, fick chockbeskedet f\u00f6r ett par dagar sedan. Foto: Hallgeir V\u00e5genes \/ Vg<\/p>\n<p class=\"hyperion-css-1v9qo5x\">\u2013 De fick f\u00f6rst inte se hennes kropp f\u00f6r att identifiera henne. Efter mycket br\u00e5k \u2013 de stod d\u00e4r utanf\u00f6r och min syster skrek h\u00f6gt och bad: \u201dJag vill bara se min dotter.\u201d Efter n\u00e5gra timmar fick de till slut komma in. Hon tvingades identifiera sin dotters kropp.<\/p>\n<p class=\"hyperion-css-1v9qo5x\">Hali forts\u00e4tter:<\/p>\n<p class=\"hyperion-css-1v9qo5x\">\u2013 Hon var tvungen att ta henne i famnen och k\u00f6ra henne i \u00e5tta timmar tillbaka till Kermanshah. Hennes blod var \u00f6verallt p\u00e5 kl\u00e4derna. Och de fick inte begrava henne p\u00e5 ett v\u00e4rdigt och m\u00e4nskligt s\u00e4tt. De tvingades begrava henne i hemlighet l\u00e4ngs med v\u00e4gen. <\/p>\n<p>\u201dVacker, sn\u00e4ll och \u00f6dmjuk\u201d<\/p>\n<p class=\"hyperion-css-1v9qo5x\">Hon stod sj\u00e4lv v\u00e4ldigt n\u00e4ra Robina. De pratade ofta och hade en bra relation, ber\u00e4ttar Hali. <\/p>\n<p class=\"hyperion-css-1v9qo5x\">\u2013 Hon var vacker, sn\u00e4ll och \u00f6dmjuk \u2013 full av liv och energi. Det finns ett ord p\u00e5 persiska i hennes bio p\u00e5 sociala medier: \u201dAyende\u201d, som betyder \u201dframtid\u201d. Hon var full av id\u00e9er och t\u00e4nkte p\u00e5 framtiden, s\u00e4ger Hali Minoei.<\/p>\n<p class=\"hyperion-css-1v9qo5x\">Robina studerade f\u00f6r att bli kl\u00e4ddesigner p\u00e5 det yrkesinriktade Shariati-universitetet i Teheran. Hennes f\u00f6r\u00e4ldrar \u00f6nskade egentligen att hon skulle studera till l\u00e4kare. Men Robina stod p\u00e5 sig och valde i st\u00e4llet att satsa helhj\u00e4rtat p\u00e5 att bli designer, ber\u00e4ttar Nezar.<\/p>\n<p>expand-left<\/p>\n<p>helsk\u00e4rm<img decoding=\"async\" class=\"image-asset hyperion-css-u06ts1\" data-test-tag=\"image-asset\" src=\"https:\/\/www.europesays.com\/se\/wp-content\/uploads\/2026\/01\/ba674062-2420-46ed-9256-0361df89e884.jpeg\"  alt=\"Robina studerade till att bli kl\u00e4ddesigner.\"  loading=\"eager\" fetchpriority=\"high\" style=\"aspect-ratio:485 \/ 536\"\/>Robina studerade till att bli kl\u00e4ddesigner. Foto: Privat<\/p>\n<p class=\"hyperion-css-1v9qo5x\">\u2013 Hon var student och konstn\u00e4r. Hon hade inte gjort n\u00e5got fel. Hon ville bara ha sina grundl\u00e4ggande r\u00e4ttigheter. Som andra unga var hon ute p\u00e5 gatorna och demonstrerade mot regimen. Hon demonstrerade f\u00f6r frihet, f\u00f6r r\u00e4ttigheter, f\u00f6r j\u00e4mst\u00e4lldhet. F\u00f6r inget mer \u00e4n det. F\u00f6r ett normalt liv \u2013 som alla unga i Iran borde f\u00e5, s\u00e4ger Hali Minoei.<\/p>\n<p>S\u00e5g fruktansv\u00e4rda saker<\/p>\n<p class=\"hyperion-css-1v9qo5x\">Hon  ber\u00e4ttar att hennes syster \u2013 Robinas mamma \u2013 och de som var med henne f\u00f6r att identifiera och h\u00e4mta kroppen i Teheran s\u00e5g fasansfulla saker p\u00e5 den aktuella platsen .<\/p>\n<p class=\"hyperion-css-1v9qo5x\">\u2013 N\u00e4r de fick se kroppen s\u00e5 s\u00e5g de att det fanns \u00f6ver hundra andra kroppar d\u00e4r, p\u00e5 samma st\u00e4lle. Det var unga m\u00e4nniskor som hade blivit d\u00f6dade.<\/p>\n<p class=\"hyperion-css-1v9qo5x\"><strong>P\u00e5 samma plats?<\/strong><\/p>\n<p class=\"hyperion-css-1v9qo5x\">\u2013\u00a0Ja, p\u00e5 samma plats.<\/p>\n<p class=\"hyperion-css-1v9qo5x\">Neza och Hali Minoei ber\u00e4ttar b\u00e5da tv\u00e5 att Robinas mamma nu f\u00f6rf\u00f6ljs.<\/p>\n<p class=\"hyperion-css-1v9qo5x\">\u2013 De har inte l\u00e4mnat familjen ifred. De f\u00f6ljer min syster som skuggor. Det g\u00f6r mig s\u00e5 ont. Det g\u00f6r mig v\u00e4ldigt, v\u00e4ldigt arg, s\u00e4ger Hali.<\/p>\n<p>expand-left<\/p>\n<p>helsk\u00e4rm<img decoding=\"async\" class=\"image-asset hyperion-css-u06ts1\" data-test-tag=\"image-asset\" src=\"https:\/\/www.europesays.com\/se\/wp-content\/uploads\/2026\/01\/6a238258-f030-41e1-af4c-0b1d9a0f12b7.jpeg\"  alt=\"Hali och Robina stod varandra v\u00e4ldigt n\u00e4ra.\"  loading=\"eager\" fetchpriority=\"high\" style=\"aspect-ratio:932 \/ 1600\"\/>Hali och Robina stod varandra v\u00e4ldigt n\u00e4ra. Foto: Privat\u201dFolket kommer inte ge upp\u201d<\/p>\n<p class=\"hyperion-css-1v9qo5x\">Sorgen b\u00f6rjar f\u00f6rvandlas till ilska.<\/p>\n<p class=\"hyperion-css-1v9qo5x\">\u2013 De vill att vi ska vara tysta och inte tala om det som h\u00e4nde Robina och alla de andra som d\u00f6dades p\u00e5 gatorna. Men nu \u00e4r det blod p\u00e5 gatorna. Tro mig \u2013 folket i Iran kommer inte att ge upp. Den h\u00e4r g\u00e5ngen kommer vi att g\u00f6ra slut p\u00e5 regimen. Jag har ett starkt hopp om det, s\u00e4ger hon.<\/p>\n<p class=\"hyperion-css-1v9qo5x\">\u2013 De har st\u00e4ngt av internet s\u00e5 att v\u00e5ra r\u00f6ster inte ska h\u00f6ras. Men jag t\u00e4nker inte l\u00e5ta dem vinna den h\u00e4r kampen. <\/p>\n<p class=\"hyperion-css-1v9qo5x\">Hali Minoei s\u00e4ger att hon inte kommer att vara tyst.<\/p>\n<p class=\"hyperion-css-1v9qo5x\">\u2013 Jag kommer att ropa hennes namn h\u00f6gt: \u201dRobina\u201d. Min lilla blomma. Jag vill inte att hon ska gl\u00f6mmas! De d\u00f6dade henne med milit\u00e4ra vapen. Hon hade ingenting i h\u00e4nderna. <\/p>\n<p class=\"hyperion-css-1v9qo5x\">Demonstrationerna i Iran har hittills spridit sig till 180 st\u00e4der. <\/p>\n<p class=\"hyperion-css-1v9qo5x\">Tusentals m\u00e4nniskor ska ha gripits och \u00f6ver 500 personer uppges ha d\u00f6dats. Den islamiska regimen har dessutom \u00f6ppnat f\u00f6r att anv\u00e4nda d\u00f6dsstraff mot demonstranter, med motiveringen att de som protesterar ska betraktas som \u201dGuds fiender\u201d.<\/p>\n<p><img decoding=\"async\" src=\"https:\/\/www.europesays.com\/se\/wp-content\/uploads\/2025\/09\/1758090760_215_7adef35543ee0b64cf5d9d8c7ab8ee19.jpg\" class=\"thumbnail-image_fbfd\" alt=\"Det v\u00e4xande upproret i Iran\"\/><\/p>\n<p>Det v\u00e4xande upproret i Iran<\/p>\n<p>10:33<\/p>\n","protected":false},"excerpt":{"rendered":"Uppdaterad 01.41 | Publicerad 2026-01-11 21.47 share-arrowDela unsaveSpara expand-left helsk\u00e4rmStudenten Robina Aminian blev 23 \u00e5r. Hon d\u00f6dades under&hellip;\n","protected":false},"author":2,"featured_media":132751,"comment_status":"","ping_status":"","sticky":false,"template":"","format":"standard","meta":{"footnotes":""},"categories":[5],"tags":[22,23,26,27,17,21,24,25,28,29,15,16,18,34,31,33,32,30,19,20],"class_list":{"0":"post-132750","1":"post","2":"type-post","3":"status-publish","4":"format-standard","5":"has-post-thumbnail","7":"category-rubriker","8":"tag-breaking-news","9":"tag-breakingnews","10":"tag-featured-news","11":"tag-featurednews","12":"tag-headlines","13":"tag-huvudnyheter","14":"tag-latest-news","15":"tag-latestnews","16":"tag-main-news","17":"tag-mainnews","18":"tag-news","19":"tag-nyheter","20":"tag-rubriker","21":"tag-se","22":"tag-svenska","23":"tag-sverige","24":"tag-sweden","25":"tag-swedish","26":"tag-top-stories","27":"tag-topstories"},"share_on_mastodon":{"url":"https:\/\/pubeurope.com\/@se\/115879890356660058","error":""},"_links":{"self":[{"href":"https:\/\/www.europesays.com\/se\/wp-json\/wp\/v2\/posts\/132750","targetHints":{"allow":["GET"]}}],"collection":[{"href":"https:\/\/www.europesays.com\/se\/wp-json\/wp\/v2\/posts"}],"about":[{"href":"https:\/\/www.europesays.com\/se\/wp-json\/wp\/v2\/types\/post"}],"author":[{"embeddable":true,"href":"https:\/\/www.europesays.com\/se\/wp-json\/wp\/v2\/users\/2"}],"replies":[{"embeddable":true,"href":"https:\/\/www.europesays.com\/se\/wp-json\/wp\/v2\/comments?post=132750"}],"version-history":[{"count":0,"href":"https:\/\/www.europesays.com\/se\/wp-json\/wp\/v2\/posts\/132750\/revisions"}],"wp:featuredmedia":[{"embeddable":true,"href":"https:\/\/www.europesays.com\/se\/wp-json\/wp\/v2\/media\/132751"}],"wp:attachment":[{"href":"https:\/\/www.europesays.com\/se\/wp-json\/wp\/v2\/media?parent=132750"}],"wp:term":[{"taxonomy":"category","embeddable":true,"href":"https:\/\/www.europesays.com\/se\/wp-json\/wp\/v2\/categories?post=132750"},{"taxonomy":"post_tag","embeddable":true,"href":"https:\/\/www.europesays.com\/se\/wp-json\/wp\/v2\/tags?post=132750"}],"curies":[{"name":"wp","href":"https:\/\/api.w.org\/{rel}","templated":true}]}}