{"id":132756,"date":"2026-01-12T03:22:14","date_gmt":"2026-01-12T03:22:14","guid":{"rendered":"https:\/\/www.europesays.com\/se\/132756\/"},"modified":"2026-01-12T03:22:14","modified_gmt":"2026-01-12T03:22:14","slug":"trippla-lavinolyckor-i-frankrike-flera-doda","status":"publish","type":"post","link":"https:\/\/www.europesays.com\/se\/132756\/","title":{"rendered":"Trippla lavinolyckor i Frankrike \u2013 flera d\u00f6da"},"content":{"rendered":"<p><a data-test-tag=\"internal-link\" href=\"https:\/\/www.aftonbladet.se\/av\/agnes-ericson\" class=\"hyperion-css-13ns1rr\" rel=\"nofollow noopener\" target=\"\" aria-label=\"Se alla artiklar av Agn\u00e8s Ericson\"><img decoding=\"async\" class=\"image-asset hyperion-css-n6kkq1\" data-test-tag=\"image-asset\" src=\"https:\/\/www.europesays.com\/se\/wp-content\/uploads\/2026\/01\/1768188133_450_40e63808-cfdf-4edd-a8ec-9c54637d26da.jpeg\"  alt=\"\"  loading=\"lazy\" fetchpriority=\"auto\" style=\"aspect-ratio:1900 \/ 1900\"\/><\/a><\/p>\n<p class=\"boxtextgrotesk-root_baa6 hyperion-css-7pajle\">Publicerad 2026-01-11 16.46<\/p>\n<p>share-arrowDela<\/p>\n<p>unsaveSpara<\/p>\n<p>expand-left<\/p>\n<p>helsk\u00e4rm<img decoding=\"async\" class=\"image-asset hyperion-css-u06ts1\" data-test-tag=\"image-asset\" src=\"https:\/\/www.europesays.com\/se\/wp-content\/uploads\/2026\/01\/15e80728-dd4a-4764-a9c2-9de40a4c8af0.jpeg\"  alt=\"Myndigheterna har g\u00e5tt ut med en varning efter olyckorna. Arkivbild.\"  loading=\"eager\" fetchpriority=\"high\" style=\"aspect-ratio:1900 \/ 1267\"\/>Myndigheterna har g\u00e5tt ut med en varning efter olyckorna. Arkivbild. Foto: TT<\/p>\n<p class=\"hyperion-css-1shl3oz\" data-test-tag=\"lead-text\">Det har varit en d\u00f6dlig helg i de franska skidbackarna. <\/p>\n<p class=\"hyperion-css-1shl3oz\" data-test-tag=\"lead-text\">Sex skid\u00e5kare har hittills d\u00f6tt i olika lavinolyckor. <\/p>\n<p class=\"hyperion-css-1shl3oz\" data-test-tag=\"lead-text\">Nu g\u00e5r myndigheterna ut med en skarp varning. <\/p>\n<p class=\"hyperion-css-1v9qo5x\">Under s\u00f6ndagen har tre personer bekr\u00e4ftats d\u00f6da i lavinolyckor i de franska Alperna. <\/p>\n<p class=\"hyperion-css-1v9qo5x\">Tv\u00e5 skid\u00e5kare dog i skidorterna Courchevel och La Plagne i Savoie. En tredje person, en 32-\u00e5rig man, dog i en lavin i Vallorcine, n\u00e4ra den schweiziska gr\u00e4nsen. Han \u00e5kte offpist och hamnade i en lavin som kastade honom rakt in i ett tr\u00e4d \u2013 vilket orsakade hans d\u00f6d. <\/p>\n<p class=\"hyperion-css-1v9qo5x\">Personen som dog i La Plagne \u00e4r en brittisk skid\u00e5kare i 50-\u00e5rs\u00e5ldern som enligt BFMTV begravdes under 2,5 meter sn\u00f6. R\u00e4ddningspersonalen hittade honom f\u00f6rst efter 50 minuter, och d\u00e5 var det f\u00f6rsent. <\/p>\n<p>Varningen: \u00c5k inte offpist <\/p>\n<p class=\"hyperion-css-1v9qo5x\">Med anledning av de m\u00e5nga d\u00f6dsfallen har Vanina Nicoli, prefekteninfocloseprefektenEn prefekt i Frankrike \u00e4r statens h\u00f6gsta representant i departementet eller regionen.  i det franska departementet Savoie, och franska v\u00e4derinstitutet uppmanat till f\u00f6rsiktighet i backarna. <\/p>\n<p class=\"hyperion-css-1v9qo5x\">I ett Facebook-inl\u00e4gg skriver Nicoli att r\u00e4ddningstj\u00e4nsten i regionen ryckt ut p\u00e5 sex olika laviner i flera bergskedjor under s\u00f6ndagen.<\/p>\n<p class=\"hyperion-css-1v9qo5x\">\u201dSn\u00f6t\u00e4cket \u00e4r instabilt och lavinrisken \u00e4r stor\u201d, skriver hon och avr\u00e5der starkt fr\u00e5n offpist\u00e5kning. <\/p>\n<p class=\"hyperion-css-1v9qo5x\">Under l\u00f6rdagen dog ytterligare tre skid\u00e5kare i lavinolyckor n\u00e4r de \u00e5kte offpist i Val-d\u2019Is\u00e8re och Ar\u00eaches-Beaufort. Tv\u00e5 personer skadades ocks\u00e5 allvarligt. I Val-d\u2019Is\u00e8re hamnade tv\u00e5 av offrena under 2,5 meter sn\u00f6 i offpistomr\u00e5det Vall\u00e9e Perdue.<\/p>\n","protected":false},"excerpt":{"rendered":"Publicerad 2026-01-11 16.46 share-arrowDela unsaveSpara expand-left helsk\u00e4rmMyndigheterna har g\u00e5tt ut med en varning efter olyckorna. Arkivbild. Foto: TT&hellip;\n","protected":false},"author":2,"featured_media":132757,"comment_status":"","ping_status":"","sticky":false,"template":"","format":"standard","meta":{"footnotes":""},"categories":[5],"tags":[22,23,26,27,17,21,24,25,28,29,15,16,18,34,31,33,32,30,19,20],"class_list":{"0":"post-132756","1":"post","2":"type-post","3":"status-publish","4":"format-standard","5":"has-post-thumbnail","7":"category-rubriker","8":"tag-breaking-news","9":"tag-breakingnews","10":"tag-featured-news","11":"tag-featurednews","12":"tag-headlines","13":"tag-huvudnyheter","14":"tag-latest-news","15":"tag-latestnews","16":"tag-main-news","17":"tag-mainnews","18":"tag-news","19":"tag-nyheter","20":"tag-rubriker","21":"tag-se","22":"tag-svenska","23":"tag-sverige","24":"tag-sweden","25":"tag-swedish","26":"tag-top-stories","27":"tag-topstories"},"share_on_mastodon":{"url":"https:\/\/pubeurope.com\/@se\/115879984664740022","error":""},"_links":{"self":[{"href":"https:\/\/www.europesays.com\/se\/wp-json\/wp\/v2\/posts\/132756","targetHints":{"allow":["GET"]}}],"collection":[{"href":"https:\/\/www.europesays.com\/se\/wp-json\/wp\/v2\/posts"}],"about":[{"href":"https:\/\/www.europesays.com\/se\/wp-json\/wp\/v2\/types\/post"}],"author":[{"embeddable":true,"href":"https:\/\/www.europesays.com\/se\/wp-json\/wp\/v2\/users\/2"}],"replies":[{"embeddable":true,"href":"https:\/\/www.europesays.com\/se\/wp-json\/wp\/v2\/comments?post=132756"}],"version-history":[{"count":0,"href":"https:\/\/www.europesays.com\/se\/wp-json\/wp\/v2\/posts\/132756\/revisions"}],"wp:featuredmedia":[{"embeddable":true,"href":"https:\/\/www.europesays.com\/se\/wp-json\/wp\/v2\/media\/132757"}],"wp:attachment":[{"href":"https:\/\/www.europesays.com\/se\/wp-json\/wp\/v2\/media?parent=132756"}],"wp:term":[{"taxonomy":"category","embeddable":true,"href":"https:\/\/www.europesays.com\/se\/wp-json\/wp\/v2\/categories?post=132756"},{"taxonomy":"post_tag","embeddable":true,"href":"https:\/\/www.europesays.com\/se\/wp-json\/wp\/v2\/tags?post=132756"}],"curies":[{"name":"wp","href":"https:\/\/api.w.org\/{rel}","templated":true}]}}