{"id":132760,"date":"2026-01-12T03:31:09","date_gmt":"2026-01-12T03:31:09","guid":{"rendered":"https:\/\/www.europesays.com\/se\/132760\/"},"modified":"2026-01-12T03:31:09","modified_gmt":"2026-01-12T03:31:09","slug":"konferens-for-parlamentens-eu-organ-cosac-ordforandemote","status":"publish","type":"post","link":"https:\/\/www.europesays.com\/se\/132760\/","title":{"rendered":"Konferens f\u00f6r parlamentens EU-organ (Cosac) \u2013 ordf\u00f6randem\u00f6te"},"content":{"rendered":"<p class=\"preamble\">Den 11\u201312 januari h\u00e5lls Cosacs ordf\u00f6randem\u00f6te i Nicosia.<\/p>\n<p>M\u00f6tet arrangeras av det cypriotiska parlamentet inom ramen f\u00f6r den parlamentariska dimensionen av Cyperns EU-ordf\u00f6randeskap.<\/p>\n<p>Fr\u00e5n riksdagens EU-n\u00e4mnd deltar ordf\u00f6rande Erik Ottoson (M) och vice ordf\u00f6rande Matilda Ernkrans (S).<\/p>\n<p>P\u00e5 dagordningen st\u00e5r bland annat en presentation av det cypriotiska ordf\u00f6randeskapets prioriteringar och en diskussion kring europeiska geopolitiska utmaningar och svar p\u00e5 dessa.<\/p>\n<p>Konferens f\u00f6r parlamentens EU-organ (Cosac) &#8211; ordf\u00f6randem\u00f6te<\/p>\n<p>Cosac \u00e4r namnet p\u00e5 konferensen mellan Europaparlamentet och de nationella parlamentens EU-organ, vilket i Sverige \u00e4r EU-n\u00e4mnden.<\/p>\n<p>Syftet med konferensen \u00e4r att sammanf\u00f6ra ledam\u00f6ter fr\u00e5n de nationella parlamentens EU-organ och Europaparlamentet f\u00f6r att diskutera aktuella EU-fr\u00e5gor och fr\u00e5gor som r\u00f6r de nationella parlamentens roll i EU-samarbetet. Cosac h\u00e5ller m\u00f6ten fyra g\u00e5nger per \u00e5r. I b\u00f6rjan av varje halv\u00e5r h\u00e5lls ett ordf\u00f6randem\u00f6te som syftar till att f\u00f6rbereda Cosacs plenarm\u00f6te som \u00e4ger rum senare under halv\u00e5ret.<\/p>\n","protected":false},"excerpt":{"rendered":"Den 11\u201312 januari h\u00e5lls Cosacs ordf\u00f6randem\u00f6te i Nicosia. M\u00f6tet arrangeras av det cypriotiska parlamentet inom ramen f\u00f6r den&hellip;\n","protected":false},"author":2,"featured_media":40782,"comment_status":"","ping_status":"","sticky":false,"template":"","format":"standard","meta":{"footnotes":""},"categories":[5],"tags":[22,23,26,27,17,21,24,25,28,29,15,16,18,34,31,33,32,30,19,20],"class_list":{"0":"post-132760","1":"post","2":"type-post","3":"status-publish","4":"format-standard","5":"has-post-thumbnail","7":"category-rubriker","8":"tag-breaking-news","9":"tag-breakingnews","10":"tag-featured-news","11":"tag-featurednews","12":"tag-headlines","13":"tag-huvudnyheter","14":"tag-latest-news","15":"tag-latestnews","16":"tag-main-news","17":"tag-mainnews","18":"tag-news","19":"tag-nyheter","20":"tag-rubriker","21":"tag-se","22":"tag-svenska","23":"tag-sverige","24":"tag-sweden","25":"tag-swedish","26":"tag-top-stories","27":"tag-topstories"},"share_on_mastodon":{"url":"https:\/\/pubeurope.com\/@se\/115880020052013326","error":""},"_links":{"self":[{"href":"https:\/\/www.europesays.com\/se\/wp-json\/wp\/v2\/posts\/132760","targetHints":{"allow":["GET"]}}],"collection":[{"href":"https:\/\/www.europesays.com\/se\/wp-json\/wp\/v2\/posts"}],"about":[{"href":"https:\/\/www.europesays.com\/se\/wp-json\/wp\/v2\/types\/post"}],"author":[{"embeddable":true,"href":"https:\/\/www.europesays.com\/se\/wp-json\/wp\/v2\/users\/2"}],"replies":[{"embeddable":true,"href":"https:\/\/www.europesays.com\/se\/wp-json\/wp\/v2\/comments?post=132760"}],"version-history":[{"count":0,"href":"https:\/\/www.europesays.com\/se\/wp-json\/wp\/v2\/posts\/132760\/revisions"}],"wp:featuredmedia":[{"embeddable":true,"href":"https:\/\/www.europesays.com\/se\/wp-json\/wp\/v2\/media\/40782"}],"wp:attachment":[{"href":"https:\/\/www.europesays.com\/se\/wp-json\/wp\/v2\/media?parent=132760"}],"wp:term":[{"taxonomy":"category","embeddable":true,"href":"https:\/\/www.europesays.com\/se\/wp-json\/wp\/v2\/categories?post=132760"},{"taxonomy":"post_tag","embeddable":true,"href":"https:\/\/www.europesays.com\/se\/wp-json\/wp\/v2\/tags?post=132760"}],"curies":[{"name":"wp","href":"https:\/\/api.w.org\/{rel}","templated":true}]}}