{"id":132761,"date":"2026-01-12T03:38:07","date_gmt":"2026-01-12T03:38:07","guid":{"rendered":"https:\/\/www.europesays.com\/se\/132761\/"},"modified":"2026-01-12T03:38:07","modified_gmt":"2026-01-12T03:38:07","slug":"karriarsprogram-ska-fa-fler-svenskar-fit-for-eu-jobb-vi-maste-bli-mer-framatlutade","status":"publish","type":"post","link":"https:\/\/www.europesays.com\/se\/132761\/","title":{"rendered":"Karri\u00e4rsprogram ska f\u00e5 fler svenskar fit f\u00f6r EU-jobb: \u201dVi m\u00e5ste bli mer fram\u00e5tlutade\u201d"},"content":{"rendered":"<p>STOCKHOLM. \u2013 Vi beh\u00f6ver f\u00e5 in fler svenskar i EU-institutionerna. Vi beh\u00f6ver f\u00e5 mer inflytande i Bryssel. Sverige beh\u00f6ver det.<\/p>\n<p>Rektorn f\u00f6r Regeringskansliets EU-karri\u00e4rsprogram, Karin Eckerdal, har l\u00e4get klart f\u00f6r sig.<\/p>\n<p>Samtidigt som allt fler av de svenskar som b\u00f6rjade jobba inom EU-institutionerna efter det svenska intr\u00e4det i unionen 1995 nu b\u00f6rjar g\u00e5 i pension s\u00e5 fylls det inte p\u00e5 tillr\u00e4ckligt med nya svenskar. Sveriges inflytande inom EU \u00e4r hotat.<\/p>\n<p>N\u00e4r det ett\u00e5riga EU-karri\u00e4rsprogrammet inom Regeringskansliet lanserades f\u00f6rra v\u00e5ren var det just som en del av en bredare insats fr\u00e5n regeringens h\u00e5ll f\u00f6r att f\u00e5 in fler svenskar i EU:s institutioner.<\/p>\n<blockquote class=\"quote center\"><p>&#13;<\/p>\n<p>\u00c4ven h\u00e4r i Regeringskansliet beh\u00f6ver man b\u00e4ttre f\u00f6rst\u00e5 hur arbetet konkret fungerar i EU<\/p>\n<p>&#13;<br \/>\n  <b>Karin Eckerdal<\/b><br \/>Rektor f\u00f6r Regeringskansliets EU-karri\u00e4rsprogram&#13;\n<\/p><\/blockquote>\n<p>Spetsprogrammet syftar till att fr\u00e4mja EU-karri\u00e4rer f\u00f6r svenska tj\u00e4nstem\u00e4n genom att lyfta den generella EU-kompetensen \u2013 som det enligt Karin Eckerdal under m\u00e5nga \u00e5r r\u00e5tt ett litet underskott p\u00e5 inom Regeringskansliet.<\/p>\n<p>\u2013 Vi beh\u00f6ver ha en tydligare och kompetent r\u00f6st i EU. \u00c4ven h\u00e4r i Regeringskansliet beh\u00f6ver man b\u00e4ttre f\u00f6rst\u00e5 hur arbetet konkret fungerar i EU. Hur formulerar vi oss i v\u00e5ra inspel och instruktioner? N\u00e4r b\u00f6r vi g\u00e5 vi in i processer? Hur allierar vi oss med andra? Hur \u00e4r vi tydliga? Allt det h\u00e4r beh\u00f6ver vi bli b\u00e4ttre p\u00e5 h\u00e4r hemma, s\u00e4ger Karin Eckerdal.<\/p>\n<p>M\u00e5nga aha-upplevelser<\/p>\n<p>EU-karri\u00e4rsprogrammet drog i g\u00e5ng i april f\u00f6rra \u00e5ret med en f\u00f6rsta kull p\u00e5 12 tj\u00e4nstem\u00e4n som under ett \u00e5rs tid deltar i programmet parallellt med sina vanliga jobb.<\/p>\n<p>Efter en kick off med EU-minister Jessica Rosencrantz (M) har deltagarna under \u00e5ret bland annat f\u00e5tt tr\u00e4ffa en rad h\u00f6gt uppsatta diplomater och politiker.<\/p>\n<p>Fokus \u00e4r p\u00e5 att h\u00f6ja kompetensen kring exempelvis f\u00f6rhandlingstekniker, genom tips och insyn i hur det faktiskt fungerar p\u00e5 plats. Men \u00e4ven att h\u00f6ja kompetensen inom konkreta sakomr\u00e5den som l\u00e5ngtidsbudgeten, jordbrukspolitiken, konkurrensfr\u00e5gorna eller skogspolitiken.<\/p>\n<p>Deltagarna f\u00e5r g\u00e5 en f\u00f6rhandlingskurs och en studieresa till Bryssel \u00e4r inplanerad i februari. Deltagarna har bland annat \u00e4ven f\u00e5tt \u00f6va sig i att genomg\u00e5 typiska anst\u00e4llningsintervjuer till EU-insitutionerna.<\/p>\n<p>Parasto Nosrati, kanslir\u00e5d med ansvar f\u00f6r luftfr\u00e5gor p\u00e5 klimatenheten p\u00e5 Klimat- och n\u00e4ringslivsdepartementet, \u00e4r en av de 12 deltagarna i \u00e5rets program.<\/p>\n<p>\u2013 Vi har f\u00e5tt otroligt mycket insikter. Det har varit v\u00e4ldigt h\u00f6gt i tak s\u00e5 att man har kunnat st\u00e4lla alla m\u00f6jliga fr\u00e5gor och f\u00e5 ov\u00e4rderliga tips och medskick och exempel p\u00e5 olika situationer som kan uppst\u00e5 i olika f\u00f6rhandlingsl\u00e4gen, s\u00e4ger Parasto Nosrati.<\/p>\n<p>Det \u00e4r saker som man inte l\u00e4r sig p\u00e5 annat h\u00e5ll, anser hon.<\/p>\n<p>\u2013 Du kan l\u00e4sa hur m\u00e5nga b\u00f6cker som helst, du kan vara expert p\u00e5 EU, men har du ingen insyn i hur det faktiskt kan g\u00e5 till i rummet eller vad man kanske borde t\u00e4nka p\u00e5 ur ett f\u00f6rhandlingsperspektiv s\u00e5 r\u00e4cker inte det. Det \u00e4r de h\u00e4r tillf\u00e4llena som ger dig den kunskapen och insikten, s\u00e4ger Parasto Nosrati.<\/p>\n<p>\u2013 S\u00e5 det \u00e4r m\u00e5nga aha-upplevelser som jag k\u00e4nner \u00e4r j\u00e4ttev\u00e4rdefulla att f\u00e5.<\/p>\n<p>Sverige har lutat sig tillbaka<\/p>\n<p>Karin Eckerdal <a href=\"https:\/\/www.altinget.se\/eu\/artikel\/ex-ambassador-ska-framja-eu-karriar-bland-svenskar\" target=\"_blank\" rel=\"noopener nofollow\">tog efter sommaren \u00f6ver posten som rektor f\u00f6r programmet<\/a> efter att Daniel Svensson l\u00e4mnat uppdraget f\u00f6r att bli regeringens <a href=\"https:\/\/www.altinget.se\/eu\/artikel\/han-ska-driva-sveriges-regelforenkling-i-eu\" target=\"_blank\" rel=\"noopener nofollow\">s\u00e4rskilda s\u00e4ndebud f\u00f6r regelf\u00f6renkling<\/a>.<\/p>\n<p>Hon kom d\u00e5 sj\u00e4lv direkt fr\u00e5n EU-bubblan, fr\u00e5n <a href=\"https:\/\/www.altinget.se\/eu\/artikel\/ambassador-lamnar-bryssel-de-ersatter\" target=\"_blank\" rel=\"noopener nofollow\">tj\u00e4nsten som EU-ambassad\u00f6r<\/a> och bitr\u00e4dande chef f\u00f6r Sveriges EU-representation i Bryssel. \u00a0<\/p>\n<p>\u2013 Jag k\u00e4nner mig v\u00e4ldigt besj\u00e4lad av att Sverige ska vara en stark akt\u00f6r p\u00e5 EU-niv\u00e5. Det tror jag p\u00e5. S\u00e5 det h\u00e4r uppdraget k\u00e4nns v\u00e4ldigt kul, s\u00e4ger Karin Eckerdal.<\/p>\n<blockquote class=\"quote center\"><p>&#13;<\/p>\n<p>Vi har inte riktigt f\u00f6rst\u00e5tt att vi m\u00e5ste jobba mycket mer fram\u00e5tlutat<\/p>\n<p>&#13;<br \/>\n  <b>Karin Eckerdal<\/b><br \/>Rektor f\u00f6r Regeringskansliets EU-karri\u00e4rsprogram&#13;\n<\/p><\/blockquote>\n<p>Hon tycker att Sverige under alltf\u00f6r l\u00e5ng tid har lutat sig lite f\u00f6r mycket tillbaka i EU-sammanhang och inte riktigt insett att inflytande kr\u00e4ver ett ih\u00e4rdigt jobb p\u00e5 m\u00e5nga niv\u00e5er tidigt i processerna. D\u00e5 \u00e4r det l\u00e4tt att man blir omsprungen av andra medlemsl\u00e4nder i takt med att unionen v\u00e4xer.<\/p>\n<p>\u2013 Vi har inte riktigt f\u00f6rst\u00e5tt att vi m\u00e5ste jobba mycket mer fram\u00e5tlutat. Fler m\u00e5ste ha en djupare EU-kompetens, inblick och insikt vad g\u00e4ller historia, EU:s utveckling i de olika sakomr\u00e5dena, och i hur beslutsprocesserna ser ut.\u00a0<\/p>\n<p><strong>Vad \u00e4r det du t\u00e4nker att man missar om man inte \u00e4r s\u00e5 d\u00e4r fram\u00e5tlutad?<\/strong><\/p>\n<p>\u2013 Det \u00e4r ett tidigt inflytande p\u00e5 det som kommer fr\u00e5n kommissionen, som ytterst blir v\u00e5r egen lagstiftning, men ocks\u00e5 \u00f6ver den \u00f6vergripande inriktningen kring vart unionen \u00e4r p\u00e5 v\u00e4g. Och som sagt, allt h\u00e4nger ihop. Har vi riktigt EU-kunniga personer p\u00e5 RK s\u00e5 f\u00e5r vi bra personer till Bryssel-representationen och d\u00e5 \u00f6kar vi ocks\u00e5 p\u00e5 sikt m\u00f6jligheten att f\u00e5 in drivna personer in i kommissionen, s\u00e4ger Karin Eckerdal.<\/p>\n<p>Livsbalansen f\u00e5r svenskar att tveka<\/p>\n<p>Varf\u00f6r det \u00e4r s\u00e5 sv\u00e5rt att f\u00e5 ner svenskar till Bryssel \u00e4r en fr\u00e5ga som Karin Eckerdal har funderat mycket p\u00e5.<\/p>\n<p>\u2013 Jag tycker ju att det roligaste som finns \u00e4r att vara i Bryssel. Det \u00e4r ju ett fantastiskt st\u00e4lle. Men det \u00e4r ju inte s\u00e5 l\u00e4tt om man j\u00e4mf\u00f6r villkorsm\u00e4ssigt att vara familj i Bryssel j\u00e4mf\u00f6rt med i Stockholm eller i Sverige \u00f6verlag, s\u00e4ger hon.<\/p>\n<p>Hon pekar p\u00e5 skillnaden vad g\u00e4ller f\u00f6r\u00e4ldraledighet, p\u00e5 f\u00f6rskolan d\u00e4r barnen i Sverige f\u00e5r vara utomhus och leka i skogen. Och p\u00e5 de ofta l\u00e5nga arbetsdagarna i Bryssel, och att det inte \u00e4r samma uppdelning mellan jobb och privatliv i Bryssel som i Sverige.<\/p>\n<p>\u2013 Tydligen v\u00e4ger det tyngre f\u00f6r svenskar \u00e4n vad vi kanske har insett. Men det \u00e4r fortfarande s\u00e5 att jag tror att kommer man ner och f\u00e5r en smak f\u00f6r det s\u00e5 inser man ju att det finns ju inget roligare \u00e4n att vara i det h\u00e4r konstanta fl\u00f6det av helt avg\u00f6rande saker f\u00f6r v\u00e5r vardag. Det \u00e4r j\u00e4ttekul.<\/p>\n<p>Oklart vad som v\u00e4ntar<\/p>\n<p>Parasto Nosrati, som deltar i karri\u00e4rprogrammet, pekar \u00e4ven hon p\u00e5 f\u00f6ruts\u00e4ttningarna till ett fungerande familjeliv som en os\u00e4kerhetsfaktor.<\/p>\n<p>\u2013 Jag har ju alltid velat testa p\u00e5 Brysselsp\u00e5ret, resa ner och jobba d\u00e4r. Men det \u00e4r klart, man har en familjesituation som man m\u00e5ste ta h\u00e4nsyn till. Mitt m\u00e5l \u00e4r att vara i Bryssel och jobba d\u00e4r. Men jag v\u00e4ntar ocks\u00e5 p\u00e5 en r\u00e4tt m\u00f6jlighet f\u00f6r mig.<\/p>\n<blockquote class=\"quote center\"><p>&#13;<\/p>\n<p>Det \u00e4r m\u00e5nga aha-upplevelser som jag k\u00e4nner \u00e4r j\u00e4ttev\u00e4rdefulla att f\u00e5<\/p>\n<p>&#13;<br \/>\n  <b>Parasto Nosrati<\/b><br \/>Deltagare i EU-karri\u00e4rsprogrammet&#13;\n<\/p><\/blockquote>\n<p>Personligen tycker hon att det s\u00e4kra kortet f\u00f6r egen del skulle vara ett jobb p\u00e5 svenska EU-representationen.<\/p>\n<p>\u2013 F\u00f6r att det \u00e4r en svensk kontext fast i ett Brysselperspektiv. Man k\u00e4nner till kulturen, man \u00e4r trygg. Att jobba p\u00e5 kommissionen k\u00e4nns lite skakigare, lite os\u00e4krare. Vem blir din chef? Vad \u00e4r det f\u00f6r kultur p\u00e5 plats? Vad f\u00f6rv\u00e4ntas av dig som anst\u00e4lld? Det \u00e4r s\u00e5dant som man inte kan veta f\u00f6rr\u00e4n man hamnar d\u00e4r, s\u00e4ger hon.<\/p>\n<p>Parasto Nosrati pekar \u00e4ven p\u00e5 bristen p\u00e5 information kring administrativa fr\u00e5gor som ett problem. Vad man kan f\u00f6rv\u00e4nta sig av livet p\u00e5 plats, hur det fungerar med skolor och allt annat praktiskt.<\/p>\n<p>\u2013 D\u00e4r beh\u00f6ver vi ocks\u00e5 bli b\u00e4ttre, konstaterar rektorn Karin Eckerdal.<\/p>\n<p>Anv\u00e4nda de som kommer hem<\/p>\n<p>Flera som Altinget pratat med som varit utskickade p\u00e5 EU-jobb beskriver en frustration \u00f6ver att ens erfarenhet inte v\u00e4rderas n\u00e4r man v\u00e4l kommer tillbaka till Sverige.<\/p>\n<p>Det h\u00e4r \u00e4r ocks\u00e5 n\u00e5got som Karin Eckerdal har i \u00e5tanke.<\/p>\n<p>\u2013 En annan del av mitt uppdrag \u00e4r ju precis det h\u00e4r att titta p\u00e5 hur vi b\u00e4ttre tar om hand de som kommer tillbaka. S\u00e5 att det inte blir \u201djag hade j\u00e4tteroligt men jag f\u00f6rlorade i fem \u00e5r och ingen undrar vad jag har gjort\u201d. Det d\u00e4r m\u00e5ste vi komma ifr\u00e5n, s\u00e4ger hon.<\/p>\n<p>Hon pekar p\u00e5 att det inte enbart g\u00e4ller nationella experter som varit utskickade till EU-institutionerna under en period, utan ocks\u00e5 de sakpolitiska r\u00e5den som kommer tillbaka fr\u00e5n EU-representationen Bryssel.<\/p>\n<p>\u2013 De har jobbat j\u00e4tteh\u00e5rt och mycket och vill inte komma tillbaka och s\u00e4tta sig p\u00e5 samma stol igen, utan vill bli sedda f\u00f6r allt det de plockar med sig. Vi m\u00e5ste anv\u00e4nda dem, de har ju kontaktn\u00e4t och f\u00f6rhandlingskunskap och allt det d\u00e4r m\u00e5ste vi ju ta till oss och anv\u00e4nda i Regeringskansliet och se vad de kan bidra med. Det d\u00e4r funderar jag mycket p\u00e5 och jobbar med.<\/p>\n<p>En kvalitetsst\u00e4mpel<\/p>\n<p>I mars avslutar karri\u00e4rsprogrammets f\u00f6rsta kull sin utbildning. I april drar ett nytt \u00e5r ig\u00e5ng, och antagningen inleds i mitten av januari. Cirka 10 deltagare kommer i \u00e5r att antas.<\/p>\n<p>Det finns inget uttalat krav p\u00e5 att deltagandet i programmet ska leda till n\u00e5got konkret nytt steg omedelbart. Samtidigt \u00e4r det \u00e4r ju en satsning fr\u00e5n Regeringskansliets sida, p\u00e5pekar Karin Eckerdal. Stor vikt l\u00e4ggs p\u00e5 att de som g\u00e5r programmet ska vara ordentligt EU-intresserade- och kunniga men ocks\u00e5 motiverade av tanken att p\u00e5 kort eller lite l\u00e4ngre sikt jobba i Bryssel under en period.\u00a0<\/p>\n<blockquote class=\"quote center\"><p>&#13;<\/p>\n<p>De har jobbat j\u00e4tteh\u00e5rt och mycket och vill inte komma tillbaka och s\u00e4tta sig p\u00e5 samma stol igen, utan vill bli sedda f\u00f6r allt det de plockar med sig<\/p>\n<p>&#13;<br \/>\n  <b>Karin Eckerdal<\/b><br \/>Rektor f\u00f6r Regeringskansliets EU-karri\u00e4rsprogram&#13;\n<\/p><\/blockquote>\n<p>\u2013 Det \u00e4r v\u00e4l bra om man har n\u00e5gon form av ideell vision om att EU \u00e4r ett omr\u00e5de som man vill g\u00e5 vidare i under sin fortsatta karri\u00e4r. Vi m\u00e5ste v\u00e5ga f\u00f6rse oss sj\u00e4lva med personer som \u00e4r drivna och duktiga och som f\u00e5r bygga sin kompetens ocks\u00e5 p\u00e5 det h\u00e4r omr\u00e5det, s\u00e4ger hon.<\/p>\n<p>F\u00f6r de som g\u00e5tt programmet ska det fungera som en slags kvalitetsst\u00e4mpel, som ska vara meriterande n\u00e4r man s\u00f6ker EU-relaterade tj\u00e4nster i Regeringskansliet eller p\u00e5 representationen i Bryssel. Tanken \u00e4r ocks\u00e5 att man med tiden skapar ett n\u00e4tverk av EU-intresserade medarbetare i RK.<\/p>\n<p>Karin Eckerdal \u00e5terkommer till behovet av att f\u00e5 in fler svenskar i EU-systemet.<\/p>\n<p>\u2013 Vi beh\u00f6ver v\u00e5ga ta mer plats. Vi \u00e4r inget litet EU-land, vi \u00e4r ett medelstort EU-land som ocks\u00e5 ska ta plats enligt det. Jag tror att det h\u00e4r f\u00f6rsta steget, att vi v\u00e5gar v\u00e4lja ut n\u00e5gra p\u00e5 RK som f\u00e5r bli duktiga p\u00e5 det h\u00e4r, det \u00e4r r\u00e4tt viktigt. Sen kan man bygga vidare p\u00e5 det.\u00a0<\/p>\n","protected":false},"excerpt":{"rendered":"STOCKHOLM. \u2013 Vi beh\u00f6ver f\u00e5 in fler svenskar i EU-institutionerna. Vi beh\u00f6ver f\u00e5 mer inflytande i Bryssel. Sverige&hellip;\n","protected":false},"author":2,"featured_media":132762,"comment_status":"","ping_status":"","sticky":false,"template":"","format":"standard","meta":{"footnotes":""},"categories":[12],"tags":[22,23,26,27,17,21,24,25,28,29,15,16,18,34,31,33,32,30,19,20],"class_list":{"0":"post-132761","1":"post","2":"type-post","3":"status-publish","4":"format-standard","5":"has-post-thumbnail","7":"category-sverige","8":"tag-breaking-news","9":"tag-breakingnews","10":"tag-featured-news","11":"tag-featurednews","12":"tag-headlines","13":"tag-huvudnyheter","14":"tag-latest-news","15":"tag-latestnews","16":"tag-main-news","17":"tag-mainnews","18":"tag-news","19":"tag-nyheter","20":"tag-rubriker","21":"tag-se","22":"tag-svenska","23":"tag-sverige","24":"tag-sweden","25":"tag-swedish","26":"tag-top-stories","27":"tag-topstories"},"share_on_mastodon":{"url":"https:\/\/pubeurope.com\/@se\/115880047578042016","error":""},"_links":{"self":[{"href":"https:\/\/www.europesays.com\/se\/wp-json\/wp\/v2\/posts\/132761","targetHints":{"allow":["GET"]}}],"collection":[{"href":"https:\/\/www.europesays.com\/se\/wp-json\/wp\/v2\/posts"}],"about":[{"href":"https:\/\/www.europesays.com\/se\/wp-json\/wp\/v2\/types\/post"}],"author":[{"embeddable":true,"href":"https:\/\/www.europesays.com\/se\/wp-json\/wp\/v2\/users\/2"}],"replies":[{"embeddable":true,"href":"https:\/\/www.europesays.com\/se\/wp-json\/wp\/v2\/comments?post=132761"}],"version-history":[{"count":0,"href":"https:\/\/www.europesays.com\/se\/wp-json\/wp\/v2\/posts\/132761\/revisions"}],"wp:featuredmedia":[{"embeddable":true,"href":"https:\/\/www.europesays.com\/se\/wp-json\/wp\/v2\/media\/132762"}],"wp:attachment":[{"href":"https:\/\/www.europesays.com\/se\/wp-json\/wp\/v2\/media?parent=132761"}],"wp:term":[{"taxonomy":"category","embeddable":true,"href":"https:\/\/www.europesays.com\/se\/wp-json\/wp\/v2\/categories?post=132761"},{"taxonomy":"post_tag","embeddable":true,"href":"https:\/\/www.europesays.com\/se\/wp-json\/wp\/v2\/tags?post=132761"}],"curies":[{"name":"wp","href":"https:\/\/api.w.org\/{rel}","templated":true}]}}