{"id":132763,"date":"2026-01-12T03:54:08","date_gmt":"2026-01-12T03:54:08","guid":{"rendered":"https:\/\/www.europesays.com\/se\/132763\/"},"modified":"2026-01-12T03:54:08","modified_gmt":"2026-01-12T03:54:08","slug":"statsanstallda-i-iran-uppmanas-ga-med-i-protester","status":"publish","type":"post","link":"https:\/\/www.europesays.com\/se\/132763\/","title":{"rendered":"Statsanst\u00e4llda i Iran uppmanas g\u00e5 med i protester"},"content":{"rendered":"<p>De statsanst\u00e4llda st\u00e5r inf\u00f6r ett val, skriver Reza Pahlavi p\u00e5 sociala medier: \u201datt st\u00e5 p\u00e5 folkets sida och bli allierade med nationen, eller att v\u00e4lja att bli medbrottslingar till folkets m\u00f6rdare\u201d. <\/p>\n<p>Fr\u00e5n exilen i USA eldar Pahlavi p\u00e5 protestv\u00e5gen i Iran och manar till folklig resning. Hur mycket inflytande han har nu \u00e4r os\u00e4kert, men nyhetsbyr\u00e5n AP har tidigare rapporterat att det i demonstrationerna f\u00f6rekommer slagord till st\u00f6d f\u00f6r shahen \u2013 rop som f\u00f6rr om \u00e5ren har kunnat leda till d\u00f6dsdomar i Iran.<\/p>\n<p>M\u00f6jlig ny ledare<\/p>\n<p>Pahlavi har av m\u00e5nga lyfts fram som en m\u00f6jlig ledare f\u00f6r ett framtida Iran. Landet har sett flera stora protestr\u00f6relser komma och g\u00e5, men efter tolvdagarskriget mot Israel i juni anser bed\u00f6mare att regimen i Teheran \u00e4r svagare \u00e4n p\u00e5 mycket l\u00e4nge.<\/p>\n<p>Mullorna i Iran kom till makten p\u00e5 grund av folkets missn\u00f6je mot kungafamiljen Pahlavi. Den islamiska republiken grundades 1979 efter att den d\u00e5 17-\u00e5rige Reza Pahlavis far, shahen Mohammad Reza Pahlavi, st\u00f6rtats av folket.<\/p>\n","protected":false},"excerpt":{"rendered":"De statsanst\u00e4llda st\u00e5r inf\u00f6r ett val, skriver Reza Pahlavi p\u00e5 sociala medier: \u201datt st\u00e5 p\u00e5 folkets sida och&hellip;\n","protected":false},"author":2,"featured_media":132764,"comment_status":"","ping_status":"","sticky":false,"template":"","format":"standard","meta":{"footnotes":""},"categories":[14],"tags":[22,23,26,27,17,21,24,25,28,29,15,16,18,34,31,33,32,30,19,20,51,52,53,54],"class_list":{"0":"post-132763","1":"post","2":"type-post","3":"status-publish","4":"format-standard","5":"has-post-thumbnail","7":"category-varlden","8":"tag-breaking-news","9":"tag-breakingnews","10":"tag-featured-news","11":"tag-featurednews","12":"tag-headlines","13":"tag-huvudnyheter","14":"tag-latest-news","15":"tag-latestnews","16":"tag-main-news","17":"tag-mainnews","18":"tag-news","19":"tag-nyheter","20":"tag-rubriker","21":"tag-se","22":"tag-svenska","23":"tag-sverige","24":"tag-sweden","25":"tag-swedish","26":"tag-top-stories","27":"tag-topstories","28":"tag-varlden","29":"tag-world","30":"tag-world-news","31":"tag-worldnews"},"share_on_mastodon":{"url":"https:\/\/pubeurope.com\/@se\/115880110483227085","error":""},"_links":{"self":[{"href":"https:\/\/www.europesays.com\/se\/wp-json\/wp\/v2\/posts\/132763","targetHints":{"allow":["GET"]}}],"collection":[{"href":"https:\/\/www.europesays.com\/se\/wp-json\/wp\/v2\/posts"}],"about":[{"href":"https:\/\/www.europesays.com\/se\/wp-json\/wp\/v2\/types\/post"}],"author":[{"embeddable":true,"href":"https:\/\/www.europesays.com\/se\/wp-json\/wp\/v2\/users\/2"}],"replies":[{"embeddable":true,"href":"https:\/\/www.europesays.com\/se\/wp-json\/wp\/v2\/comments?post=132763"}],"version-history":[{"count":0,"href":"https:\/\/www.europesays.com\/se\/wp-json\/wp\/v2\/posts\/132763\/revisions"}],"wp:featuredmedia":[{"embeddable":true,"href":"https:\/\/www.europesays.com\/se\/wp-json\/wp\/v2\/media\/132764"}],"wp:attachment":[{"href":"https:\/\/www.europesays.com\/se\/wp-json\/wp\/v2\/media?parent=132763"}],"wp:term":[{"taxonomy":"category","embeddable":true,"href":"https:\/\/www.europesays.com\/se\/wp-json\/wp\/v2\/categories?post=132763"},{"taxonomy":"post_tag","embeddable":true,"href":"https:\/\/www.europesays.com\/se\/wp-json\/wp\/v2\/tags?post=132763"}],"curies":[{"name":"wp","href":"https:\/\/api.w.org\/{rel}","templated":true}]}}