{"id":132768,"date":"2026-01-12T04:28:07","date_gmt":"2026-01-12T04:28:07","guid":{"rendered":"https:\/\/www.europesays.com\/se\/132768\/"},"modified":"2026-01-12T04:28:07","modified_gmt":"2026-01-12T04:28:07","slug":"regeringen-vill-motverka-aldersdiskriminering-arbetsliv","status":"publish","type":"post","link":"https:\/\/www.europesays.com\/se\/132768\/","title":{"rendered":"Regeringen vill motverka \u00e5ldersdiskriminering &#8211; Arbetsliv"},"content":{"rendered":"<p>Regeringen har gett Diskrimineringsombudsmannen, DO, i uppdrag att tillsammans med arbetsmarknadens parter f\u00f6resl\u00e5 \u00e5tg\u00e4rder som ska st\u00e4rka arbetsgivarnas arbete mot \u00e5ldersdiskriminering. Uppdraget ska redovisas i mars 2027.<\/p>\n<p>Samtidigt som vi f\u00f6rv\u00e4ntas jobba allt h\u00f6gre upp i \u00e5ldrarna vittnar m\u00e5nga om att det \u00e4r betydligt sv\u00e5rare att f\u00e5 respons p\u00e5 sin jobbans\u00f6kan efter 50. <a title=\"Regeringen tar krafttag mot \u00e5ldersdiskriminering\" href=\"https:\/\/www.regeringen.se\/pressmeddelanden\/2025\/12\/regeringen-agerar-mot-aldersdiskriminering-i-arbetslivet\/\" target=\"_top\" rel=\"nofollow noopener\">Nu tar regeringen krafttag mot \u00e5ldersdiskrimineringen<\/a> genom att ge DO i uppdrag att tillsammans med arbetsmarknadens parter identifiera behov, st\u00f6dinsatser och andra \u00e5tg\u00e4rder som ska st\u00e4rka arbetsgivarens arbete mot \u00e5ldersdiskriminering i arbetslivet.\u00a0<\/p>\n<p>\u2013 \u00a0\u00c5lderismen p\u00e5 svensk arbetsmarknad \u00e4r ett rent sl\u00f6seri p\u00e5 all den kompetens och erfarenhet som finns hos m\u00e5nga individer. Detta uppdrag \u00e4r ett steg i arbetet att skapa inkluderande arbetsplatser d\u00e4r den \u00e5ldersfixering som finns bryts. Det \u00e4r avg\u00f6rande f\u00f6r ett dynamiskt arbetsliv och f\u00f6r att st\u00e4rka Sveriges konkurrenskraft, s\u00e4ger arbetsmarknadsminister Johan Britz i en kommentar.<\/p>\n<p>F\u00f6rdomar ligger bakom<\/p>\n<p>Diskriminering p\u00e5 grund av \u00e5lder \u00e4r f\u00f6rbjuden enligt diskrimineringslagen, men enligt regeringen visar rapporter att \u00e4ldre missgynnas b\u00e5de n\u00e4r det g\u00e4ller rekrytering och kompetensutveckling. Till stor del \u00e4r det f\u00f6rdomar som ligger bakom \u00e5ldersdiskrimineringen. Men som Arbetsliv tidigare rapporterat om \u00e4r <a title=\"Stor studie motbevisar f\u00f6rdomar mot \u00e4ldre\" href=\"https:\/\/www.prevent.se\/arbetsliv\/mer\/2025\/ny-stor-studie-motbevisar-fordomar-mot-aldre\/\" target=\"_top\" rel=\"nofollow noopener\">\u00e4ldre ofta mer engagerade i sina jobb och har mer ork \u00e4n yngre kollegor<\/a>.<\/p>\n<p>\u2013 Det p\u00e5g\u00e5r ett enormt sl\u00f6seri i dag n\u00e4r vi slentrianm\u00e4ssigt pensionerar v\u00e5ra mest erfarna medarbetare. I st\u00e4llet f\u00f6r att fr\u00e5ga n\u00e4r det \u00e4r dags att g\u00e5 i pension borde fler arbetsgivare st\u00e4lla sig fr\u00e5gan: vad kan vi g\u00f6ra och vad kr\u00e4vs f\u00f6r att du skulle kunna t\u00e4nka dig att jobba kvar ett \u00e5r eller tv\u00e5 till? Det \u00e4r oerh\u00f6rt viktigt att attityder f\u00f6r\u00e4ndras och att fler arbetsgivare ser vilken enorm tillg\u00e5ng seniora medarbetare \u00e4r, s\u00e4ger \u00e4ldre- och socialf\u00f6rs\u00e4kringsminister Anna Tenje i en kommentar. \u00a0\u00a0\u00a0<\/p>\n<p>\u00a0Senaste den 31 mars 2027 ska DO l\u00e4mna en redovisning av sitt uppdraget till Arbetsmarknadsdepartementet.<\/p>\n","protected":false},"excerpt":{"rendered":"Regeringen har gett Diskrimineringsombudsmannen, DO, i uppdrag att tillsammans med arbetsmarknadens parter f\u00f6resl\u00e5 \u00e5tg\u00e4rder som ska st\u00e4rka arbetsgivarnas&hellip;\n","protected":false},"author":2,"featured_media":132769,"comment_status":"","ping_status":"","sticky":false,"template":"","format":"standard","meta":{"footnotes":""},"categories":[12],"tags":[22,23,26,27,17,21,24,25,28,29,15,16,18,34,31,33,32,30,19,20],"class_list":{"0":"post-132768","1":"post","2":"type-post","3":"status-publish","4":"format-standard","5":"has-post-thumbnail","7":"category-sverige","8":"tag-breaking-news","9":"tag-breakingnews","10":"tag-featured-news","11":"tag-featurednews","12":"tag-headlines","13":"tag-huvudnyheter","14":"tag-latest-news","15":"tag-latestnews","16":"tag-main-news","17":"tag-mainnews","18":"tag-news","19":"tag-nyheter","20":"tag-rubriker","21":"tag-se","22":"tag-svenska","23":"tag-sverige","24":"tag-sweden","25":"tag-swedish","26":"tag-top-stories","27":"tag-topstories"},"share_on_mastodon":{"url":"https:\/\/pubeurope.com\/@se\/115880244165538181","error":""},"_links":{"self":[{"href":"https:\/\/www.europesays.com\/se\/wp-json\/wp\/v2\/posts\/132768","targetHints":{"allow":["GET"]}}],"collection":[{"href":"https:\/\/www.europesays.com\/se\/wp-json\/wp\/v2\/posts"}],"about":[{"href":"https:\/\/www.europesays.com\/se\/wp-json\/wp\/v2\/types\/post"}],"author":[{"embeddable":true,"href":"https:\/\/www.europesays.com\/se\/wp-json\/wp\/v2\/users\/2"}],"replies":[{"embeddable":true,"href":"https:\/\/www.europesays.com\/se\/wp-json\/wp\/v2\/comments?post=132768"}],"version-history":[{"count":0,"href":"https:\/\/www.europesays.com\/se\/wp-json\/wp\/v2\/posts\/132768\/revisions"}],"wp:featuredmedia":[{"embeddable":true,"href":"https:\/\/www.europesays.com\/se\/wp-json\/wp\/v2\/media\/132769"}],"wp:attachment":[{"href":"https:\/\/www.europesays.com\/se\/wp-json\/wp\/v2\/media?parent=132768"}],"wp:term":[{"taxonomy":"category","embeddable":true,"href":"https:\/\/www.europesays.com\/se\/wp-json\/wp\/v2\/categories?post=132768"},{"taxonomy":"post_tag","embeddable":true,"href":"https:\/\/www.europesays.com\/se\/wp-json\/wp\/v2\/tags?post=132768"}],"curies":[{"name":"wp","href":"https:\/\/api.w.org\/{rel}","templated":true}]}}