{"id":132770,"date":"2026-01-12T04:31:16","date_gmt":"2026-01-12T04:31:16","guid":{"rendered":"https:\/\/www.europesays.com\/se\/132770\/"},"modified":"2026-01-12T04:31:16","modified_gmt":"2026-01-12T04:31:16","slug":"victor-eklunds-ursakt-till-idol-profilen","status":"publish","type":"post","link":"https:\/\/www.europesays.com\/se\/132770\/","title":{"rendered":"Victor Eklunds urs\u00e4kt till Idol-profilen"},"content":{"rendered":"<p>Publicerad 11 jan 2026 kl 18.21Uppdaterad kl 23.29<\/p>\n<p>Djurg\u00e5rdens juniorer gjorde succ\u00e9 i JVM.\u00a0<\/p>\n<p>Men tidigare Idol-profilen och djurg\u00e5rdaren Daniel Breitholtz \u00f6nskade ett miss\u00f6de.\u00a0<\/p>\n<p>\u201dHemskt att beh\u00f6va s\u00e4ga det\u201d, skriver han p\u00e5 <a href=\"https:\/\/x.com\/MrBreitholtz\/status\/2006098872532132010\" rel=\"nofollow\">X<\/a>.\u00a0<\/p>\n<p>Senaste sportklippen fr\u00e5n Expressen.<img   alt=\"\"\/><\/p>\n<p>Daniel Breitholtz.<\/p>\n<p>Foto: OLLE SPORRONG<\/p>\n<p>\u00d6ppna bild i helsk\u00e4rm<img loading=\"lazy\"   alt=\"\"\/><\/p>\n<p>Victor Eklund.<\/p>\n<p>Foto: Henrik Montgomery\/TT \/ TT NYHETSBYR\u00c5N<\/p>\n<p>\u00d6ppna bild i helsk\u00e4rm<\/p>\n<p>Samtidigt som Djurg\u00e5rdens juniorer Victor Eklund, Viggo Bj\u00f6rck och Anton Frondell gjorde succ\u00e9 i JVM \u2013 och senare tog ett guld \u2013 gick laget kr\u00e4ftg\u00e5ng i SHL.\u00a0<\/p>\n<p>Under tiden trion var borta f\u00f6rlorade laget sex av \u00e5tta matcher \u2013 och tog inte en enda trepo\u00e4ngare.\u00a0<\/p>\n<p>\u2013 Det har varit lite k\u00e4mpigt. Man vill hem och hj\u00e4lpa till s\u00e5 klart, men vi hade andra saker att fokusera p\u00e5, s\u00e4ger Victor Eklund och forts\u00e4tter:\u00a0<\/p>\n<p>\u2013 N\u00e4r vi v\u00e4l \u00e4r hemma nu s\u00e5 \u00e4r det bara k\u00f6ra j\u00e4rnet och hj\u00e4lpa laget p\u00e5 b\u00e4sta s\u00e4tt.\u00a0<\/p>\n<p>P\u00e5 sociala medier har supportrarna v\u00e4djat om att spelarna ska komma hem igen, n\u00e5got Eklund m\u00e4rkt av.\u00a0<\/p>\n<p>\u2013 Ja, men man har varit i en bubbla och f\u00f6rs\u00f6kt st\u00e4nga ute s\u00e5 mycket som m\u00f6jligt. Men jag hoppas att de \u00e4r glada att vi \u00e4r hemma nu, s\u00e4ger han.\u00a0<\/p>\n<p>Ber om urs\u00e4kt\u00a0<\/p>\n<p>En som gick steget l\u00e4ngre var den tidigare <a href=\"https:\/\/www.expressen.se\/tagg\/organization\/idol\/\" class=\"\" rel=\"nofollow noopener\" target=\"_blank\">Idol<\/a>-domaren Daniel Breitholtz. Han \u00f6nskade Dif-trion olycka.\u00a0<\/p>\n<p>\u201dHemskt att beh\u00f6va s\u00e4ga det, men jag hoppas \u00e4rligt att Sverige \u00e5ker ur JVM s\u00e5 snart som m\u00f6jligt. Helst i g\u00e5r. Som vi saknar junisarnas energi och karakt\u00e4r. Helt otroligt\u201d, skriver han p\u00e5 <a href=\"https:\/\/x.com\/MrBreitholtz\/status\/2006098872532132010\" rel=\"nofollow\">X<\/a>.<\/p>\n<p>Eklund \u00e4r tudelad inf\u00f6r uttalandet.\u00a0<\/p>\n<p>\u2013 Jag vet inte om det \u00e4r bra eller d\u00e5ligt. F\u00f6rl\u00e5t, vi gick hela v\u00e4gen. Jag f\u00e5r be om urs\u00e4kt f\u00f6r det, s\u00e4ger han med ett leende.\u00a0<\/p>\n<p><a href=\"https:\/\/x.com\/MrBreitholtz\/status\/2006098872532132010\" data-provider=\"twitter\" class=\"js-social-embed\" rel=\"nofollow\">https:\/\/x.com\/MrBreitholtz\/status\/2006098872532132010<\/a><\/p>\n","protected":false},"excerpt":{"rendered":"Publicerad 11 jan 2026 kl 18.21Uppdaterad kl 23.29 Djurg\u00e5rdens juniorer gjorde succ\u00e9 i JVM.\u00a0 Men tidigare Idol-profilen och&hellip;\n","protected":false},"author":2,"featured_media":132771,"comment_status":"","ping_status":"","sticky":false,"template":"","format":"standard","meta":{"footnotes":""},"categories":[68],"tags":[814,4774,384,34,255,823,111,110,31,33,32,30],"class_list":{"0":"post-132770","1":"post","2":"type-post","3":"status-publish","4":"format-standard","5":"has-post-thumbnail","7":"category-sport","8":"tag-organization-djurgarden-hockey","9":"tag-organization-idol","10":"tag-organization-tv4","11":"tag-se","12":"tag-sections-ishockey","13":"tag-sections-shl","14":"tag-sport","15":"tag-sports","16":"tag-svenska","17":"tag-sverige","18":"tag-sweden","19":"tag-swedish"},"share_on_mastodon":{"url":"https:\/\/pubeurope.com\/@se\/115880256033388558","error":""},"_links":{"self":[{"href":"https:\/\/www.europesays.com\/se\/wp-json\/wp\/v2\/posts\/132770","targetHints":{"allow":["GET"]}}],"collection":[{"href":"https:\/\/www.europesays.com\/se\/wp-json\/wp\/v2\/posts"}],"about":[{"href":"https:\/\/www.europesays.com\/se\/wp-json\/wp\/v2\/types\/post"}],"author":[{"embeddable":true,"href":"https:\/\/www.europesays.com\/se\/wp-json\/wp\/v2\/users\/2"}],"replies":[{"embeddable":true,"href":"https:\/\/www.europesays.com\/se\/wp-json\/wp\/v2\/comments?post=132770"}],"version-history":[{"count":0,"href":"https:\/\/www.europesays.com\/se\/wp-json\/wp\/v2\/posts\/132770\/revisions"}],"wp:featuredmedia":[{"embeddable":true,"href":"https:\/\/www.europesays.com\/se\/wp-json\/wp\/v2\/media\/132771"}],"wp:attachment":[{"href":"https:\/\/www.europesays.com\/se\/wp-json\/wp\/v2\/media?parent=132770"}],"wp:term":[{"taxonomy":"category","embeddable":true,"href":"https:\/\/www.europesays.com\/se\/wp-json\/wp\/v2\/categories?post=132770"},{"taxonomy":"post_tag","embeddable":true,"href":"https:\/\/www.europesays.com\/se\/wp-json\/wp\/v2\/tags?post=132770"}],"curies":[{"name":"wp","href":"https:\/\/api.w.org\/{rel}","templated":true}]}}