{"id":132774,"date":"2026-01-12T04:37:08","date_gmt":"2026-01-12T04:37:08","guid":{"rendered":"https:\/\/www.europesays.com\/se\/132774\/"},"modified":"2026-01-12T04:37:08","modified_gmt":"2026-01-12T04:37:08","slug":"svd-podd-tech-brief-jag-vill-inte-att-elon-musk-ska-styra-hur-jag-tanker","status":"publish","type":"post","link":"https:\/\/www.europesays.com\/se\/132774\/","title":{"rendered":"SvD Podd Tech Brief Jag vill inte att Elon Musk ska styra hur jag t\u00e4nker"},"content":{"rendered":"<p>Han undrar om det p\u00e5g\u00e5r en \u201dtechlash\u201d? Det lite tr\u00e5kiga svaret \u00e4r (f\u00f6rst\u00e5s): det beror p\u00e5. Inte i Silicon Valley, s\u00e4ger Bj\u00f6rn Jeffery. Sophia Sinclair tycker sig se att folk \u201dinte vill l\u00e5ta AI styra hur de t\u00e4nker\u201d i sina fl\u00f6den. Henning Eklund menar att vi kanske s\u00e4ger en sak \u2013 men g\u00f6r nog en annan. <\/p>\n<p>Och fr\u00e5gan \u00e4r \u2013 spelar det n\u00e5gon roll f\u00f6r dig eller mig?<\/p>\n<p>Med humor och initierade k\u00e4llor tar SvD:s journalister med dig n\u00e4r framtiden skapas. Med Bj\u00f6rn Jeffery, Sophia Sinclair och Henning Eklund. Producent och redakt\u00f6r Tove Friman Leffler. <\/p>\n<p>Lyssna p\u00e5 SvD Tech brief <\/p>\n<p>SvD Tech brief produceras av Svenska Dagbladet och distribueras av Acast. F\u00f6rutom att lyssna h\u00e4r p\u00e5 SvD.se kan du \u00e4ven h\u00f6ra podden i f\u00f6ljande kanaler:<\/p>\n<p>Hitta podcasten genom att s\u00f6ka efter \u201dSvD Tech brief\u201d \u2013 eller klicka p\u00e5 l\u00e4nkarna.<\/p>\n","protected":false},"excerpt":{"rendered":"Han undrar om det p\u00e5g\u00e5r en \u201dtechlash\u201d? Det lite tr\u00e5kiga svaret \u00e4r (f\u00f6rst\u00e5s): det beror p\u00e5. Inte i&hellip;\n","protected":false},"author":2,"featured_media":132775,"comment_status":"","ping_status":"","sticky":false,"template":"","format":"standard","meta":{"footnotes":""},"categories":[5],"tags":[22,23,26,27,17,21,24,25,28,29,15,16,18,34,31,33,32,30,19,20],"class_list":{"0":"post-132774","1":"post","2":"type-post","3":"status-publish","4":"format-standard","5":"has-post-thumbnail","7":"category-rubriker","8":"tag-breaking-news","9":"tag-breakingnews","10":"tag-featured-news","11":"tag-featurednews","12":"tag-headlines","13":"tag-huvudnyheter","14":"tag-latest-news","15":"tag-latestnews","16":"tag-main-news","17":"tag-mainnews","18":"tag-news","19":"tag-nyheter","20":"tag-rubriker","21":"tag-se","22":"tag-svenska","23":"tag-sverige","24":"tag-sweden","25":"tag-swedish","26":"tag-top-stories","27":"tag-topstories"},"share_on_mastodon":{"url":"https:\/\/pubeurope.com\/@se\/115880279493581100","error":""},"_links":{"self":[{"href":"https:\/\/www.europesays.com\/se\/wp-json\/wp\/v2\/posts\/132774","targetHints":{"allow":["GET"]}}],"collection":[{"href":"https:\/\/www.europesays.com\/se\/wp-json\/wp\/v2\/posts"}],"about":[{"href":"https:\/\/www.europesays.com\/se\/wp-json\/wp\/v2\/types\/post"}],"author":[{"embeddable":true,"href":"https:\/\/www.europesays.com\/se\/wp-json\/wp\/v2\/users\/2"}],"replies":[{"embeddable":true,"href":"https:\/\/www.europesays.com\/se\/wp-json\/wp\/v2\/comments?post=132774"}],"version-history":[{"count":0,"href":"https:\/\/www.europesays.com\/se\/wp-json\/wp\/v2\/posts\/132774\/revisions"}],"wp:featuredmedia":[{"embeddable":true,"href":"https:\/\/www.europesays.com\/se\/wp-json\/wp\/v2\/media\/132775"}],"wp:attachment":[{"href":"https:\/\/www.europesays.com\/se\/wp-json\/wp\/v2\/media?parent=132774"}],"wp:term":[{"taxonomy":"category","embeddable":true,"href":"https:\/\/www.europesays.com\/se\/wp-json\/wp\/v2\/categories?post=132774"},{"taxonomy":"post_tag","embeddable":true,"href":"https:\/\/www.europesays.com\/se\/wp-json\/wp\/v2\/tags?post=132774"}],"curies":[{"name":"wp","href":"https:\/\/api.w.org\/{rel}","templated":true}]}}