{"id":132776,"date":"2026-01-12T04:39:14","date_gmt":"2026-01-12T04:39:14","guid":{"rendered":"https:\/\/www.europesays.com\/se\/132776\/"},"modified":"2026-01-12T04:39:14","modified_gmt":"2026-01-12T04:39:14","slug":"tv-skandalscener-under-forssacupen-finalen-avbrots-borlange-tidning","status":"publish","type":"post","link":"https:\/\/www.europesays.com\/se\/132776\/","title":{"rendered":"TV: Skandalscener under Forssacupen \u2013 finalen avbr\u00f6ts &#8211; Borl\u00e4nge Tidning"},"content":{"rendered":"<ol>\n<li><a href=\"https:\/\/news.google.com\/rss\/articles\/CBMilwFBVV95cUxOblZEdlR0TDM3TXY5QUY5LTlOSWxPWXVDcENiaHI3ZWtidkxKUy0xdmxKN3B2b19heHc3bDZPU3ZWVmk5RVFWWHFnWTVyVkR6cm1IWnFFU0MwalpSVG1nQkVkOF9NZjZaYzFmMzJYY1VYb20wMGkzbVRsRUItdWY2bUxfUFk2S1VSb25OOF84eDQ4MHBLbDNZ?oc=5\" target=\"_blank\" rel=\"nofollow noopener\">TV: Skandalscener under Forssacupen \u2013 finalen avbr\u00f6ts<\/a>&nbsp;&nbsp;Borl\u00e4nge Tidning<\/li>\n<li><a href=\"https:\/\/news.google.com\/rss\/articles\/CBMioAFBVV95cUxQeGhFd2Y5QVhPclBQZ21DbWZTVWFCcWJUWnRhWUpuWUFfcklaeEhXWElfS1VFSGVqOFlfbEZ0QktISHJWeGR0Sm81R1NXajM1U0swcEV5SVoweS15NU5GOXhIUTNaMWw3NjR1eFotSm1MZGxRTExYWVFEdXlKRk9hZWhSbVE5MDBEVjBRZjRzLXQ5eWREU1ZJWnQyMnRQbElO?oc=5\" target=\"_blank\" rel=\"nofollow noopener\">Allt om Forssacupens slutspel \u2013 se avg\u00f6randet live hos oss<\/a>&nbsp;&nbsp;Borl\u00e4nge Tidning<\/li>\n<li><a href=\"https:\/\/news.google.com\/rss\/articles\/CBMingFBVV95cUxOdjlfWDg2R0otN092QnNrY1otLVMwNUtER3Q5V2g3N1NrS1FmOTllbXphbDY2NFhBYXVfemg5ZEppZ3pGcC1MR1BvdC1oZFRuRmpJZFdvQjR3dTBSRHlFTGJtQnd5OVdVTmprMXZCRkpRbHFFR2NjMFJUVVlGdC1BT0NocHo5eFYzLTg3OUNNNVJhLXBpSE1QeHl2dXFwZw?oc=5\" target=\"_blank\" rel=\"nofollow noopener\">Forssabasens h\u00e5rda ord: \u201dF\u00f6rst\u00f6r f\u00f6r ett par tusen m\u00e4nniskor\u201d<\/a>&nbsp;&nbsp;Falu-Kuriren<\/li>\n<li><a href=\"https:\/\/news.google.com\/rss\/articles\/CBMiZkFVX3lxTE9NbkZCVk1pSUZ6T1VxSndEWTJkTG8xb1V6TlJuY2h3akpOOU5aekhIZG93bFI3RHFIWTR2Z3I5a2t0S3RORUdHLVVDZnV6bVJTT0xzN2t1bWkxeEZsQkpkWHNuUGNEQQ?oc=5\" target=\"_blank\" rel=\"nofollow noopener\">LIVESPORT: 13.15: Se Luckstas kvartsfinal i Forssacupen h\u00e4r<\/a>&nbsp;&nbsp;Sundsvalls Tidning<\/li>\n<li><a href=\"https:\/\/news.google.com\/rss\/articles\/CBMijAFBVV95cUxNM3lhd0M3ZWtHWmEtS1NMOFVJSFNSOTZZcVlGVEljMVBHX0NlaEFwMnVhVmhhS0w2Z1QxLWswdHBvSzM0M1FhZzZySEZLVXQwN1k1cmFPQ2ljSXRpdjFZRV9BVHZvRHkwUXRfX25JYUp5VUU5Ymh3SHRjUEZaZldqSjZrZ3FNd0VpQ2xPNg?oc=5\" target=\"_blank\" rel=\"nofollow noopener\">Succ\u00e9n tillbaka \u2013 se S\u00e4ter och Gustafs i Forssacupen<\/a>&nbsp;&nbsp;S\u00f6dra Dalarnes Tidning<\/li>\n<\/ol>\n","protected":false},"excerpt":{"rendered":"TV: Skandalscener under Forssacupen \u2013 finalen avbr\u00f6ts&nbsp;&nbsp;Borl\u00e4nge Tidning Allt om Forssacupens slutspel \u2013 se avg\u00f6randet live hos oss&nbsp;&nbsp;Borl\u00e4nge&hellip;\n","protected":false},"author":2,"featured_media":132777,"comment_status":"","ping_status":"","sticky":false,"template":"","format":"standard","meta":{"footnotes":""},"categories":[68],"tags":[34,111,110,31,33,32,30],"class_list":{"0":"post-132776","1":"post","2":"type-post","3":"status-publish","4":"format-standard","5":"has-post-thumbnail","7":"category-sport","8":"tag-se","9":"tag-sport","10":"tag-sports","11":"tag-svenska","12":"tag-sverige","13":"tag-sweden","14":"tag-swedish"},"share_on_mastodon":{"url":"https:\/\/pubeurope.com\/@se\/115880287451609010","error":""},"_links":{"self":[{"href":"https:\/\/www.europesays.com\/se\/wp-json\/wp\/v2\/posts\/132776","targetHints":{"allow":["GET"]}}],"collection":[{"href":"https:\/\/www.europesays.com\/se\/wp-json\/wp\/v2\/posts"}],"about":[{"href":"https:\/\/www.europesays.com\/se\/wp-json\/wp\/v2\/types\/post"}],"author":[{"embeddable":true,"href":"https:\/\/www.europesays.com\/se\/wp-json\/wp\/v2\/users\/2"}],"replies":[{"embeddable":true,"href":"https:\/\/www.europesays.com\/se\/wp-json\/wp\/v2\/comments?post=132776"}],"version-history":[{"count":0,"href":"https:\/\/www.europesays.com\/se\/wp-json\/wp\/v2\/posts\/132776\/revisions"}],"wp:featuredmedia":[{"embeddable":true,"href":"https:\/\/www.europesays.com\/se\/wp-json\/wp\/v2\/media\/132777"}],"wp:attachment":[{"href":"https:\/\/www.europesays.com\/se\/wp-json\/wp\/v2\/media?parent=132776"}],"wp:term":[{"taxonomy":"category","embeddable":true,"href":"https:\/\/www.europesays.com\/se\/wp-json\/wp\/v2\/categories?post=132776"},{"taxonomy":"post_tag","embeddable":true,"href":"https:\/\/www.europesays.com\/se\/wp-json\/wp\/v2\/tags?post=132776"}],"curies":[{"name":"wp","href":"https:\/\/api.w.org\/{rel}","templated":true}]}}