{"id":132780,"date":"2026-01-12T04:45:17","date_gmt":"2026-01-12T04:45:17","guid":{"rendered":"https:\/\/www.europesays.com\/se\/132780\/"},"modified":"2026-01-12T04:45:17","modified_gmt":"2026-01-12T04:45:17","slug":"framja-kontinuitet-pa-samma-satt-som-tillganglighet","status":"publish","type":"post","link":"https:\/\/www.europesays.com\/se\/132780\/","title":{"rendered":"\u201dFr\u00e4mja kontinuitet p\u00e5 samma s\u00e4tt som tillg\u00e4nglighet\u201d"},"content":{"rendered":"<p class=\"css-176tai e1uki5l82\"><strong>V\u00e5rden ska vara<\/strong> sammanh\u00e5llen och individanpassad och den ska prioriteras enligt h\u00e4lso- och sjukv\u00e5rdslagen. Dessa grundprinciper \u00e5terkommer g\u00e5ng p\u00e5 g\u00e5ng i samtalet om v\u00e5rdens inriktning. Oavsett om det handlar om statliga utredningar, myndigheters rapporter eller debattinl\u00e4gg s\u00e5 verkar de flesta vara \u00f6verens. \u00c4r det d\u00e5 denna utveckling vi ser?<\/p>\n<p class=\"css-176tai e1uki5l82\">Grunden i en sammanh\u00e5llen sjukv\u00e5rd m\u00e5ste vara v\u00e5rdcentraler med generalistkompetens och helhetsansvar. D\u00e5 kan patientens v\u00e5rd knytas ihop till en fungerande helhet. Paradoxalt nog blir prim\u00e4rv\u00e5rden snarare alltmer fragmenterad p\u00e5 grund av fler nischade heldigitala v\u00e5rdgivare. De beskrivs som innovat\u00f6rer \u2013 men ingen \u00e4r beredd att samordna helheten.<\/p>\n<p class=\"css-176tai e1uki5l82\"><strong>L\u00e4s mer: <\/strong><strong><a href=\"https:\/\/www.dagensmedicin.se\/specialistomraden\/allmanmedicin\/han-startar-egen-dromvardcentral-kanske-naivt-men-maste-forsoka\/\" rel=\"nofollow noopener\" target=\"_blank\">Han startar egen dr\u00f6mv\u00e5rdcentral: \u201dKanske naivt men m\u00e5ste f\u00f6rs\u00f6ka\u201d<\/a><\/strong><\/p>\n<p class=\"css-176tai e1uki5l82\"><strong>I st\u00e4llet dr\u00e4neras<\/strong> v\u00e5rdcentralerna p\u00e5 resurser via den digitala utoml\u00e4nsers\u00e4ttningen, varp\u00e5 den sammanh\u00e5llna v\u00e5rden blir \u00e4n mer avl\u00e4gsen. Den politiker som faktiskt vill ha v\u00e5rdcentraler som kan ta helhetsansvar och vara navet i patientens v\u00e5rd borde b\u00f6rja med att kr\u00e4va just detta av varje v\u00e5rdgivare.<\/p>\n<p class=\"css-176tai e1uki5l82\">Kontinuiteten \u00e4r central f\u00f6r individanpassning, men trots detta trumfas den oftast av maximal tillg\u00e4nglighet. N\u00e4r patient och l\u00e4kare inte k\u00e4nner varandra \u00e4r delat beslutsfattande sv\u00e5rt. F\u00e5 v\u00e5rdvalssystem premierar kontakt med fast l\u00e4kare, utan kr\u00e4ver i st\u00e4llet l\u00e4ngre \u00f6ppettider och snabbare bed\u00f6mningar.<\/p>\n<p class=\"css-176tai e1uki5l82\">Fr\u00e5gan om fast l\u00e4karkontakt diskuteras alltmer, inte minst tack vare Socialstyrelsens arbete. Detta beh\u00f6ver forts\u00e4tta s\u00e5 att regionernas planer f\u00f6r att n\u00e5 en specialist i allm\u00e4nmedicin per 1100 inv\u00e5nare blir verklighet.<\/p>\n<p class=\"css-176tai e1uki5l82\"><strong>Kunskapsst\u00f6d spelar<\/strong> ocks\u00e5 en central roll f\u00f6r individanpassning. Allt fler v\u00e5rdf\u00f6rlopp stoppar in patienten i ett standardiserat fl\u00f6desschema av \u00e5tg\u00e4rder. V\u00e5rdf\u00f6rloppen beskrivs som personcentrerade, men n\u00e4mner endast i en bisats att v\u00e5rden ska anpassas utifr\u00e5n l\u00e4karens omd\u00f6me och patientens preferens. Alla som m\u00f6ter patienter vet att sjukv\u00e5rd \u00e4r alltf\u00f6r komplext f\u00f6r att styras av enkla algoritmer. Detta beh\u00f6ver bejakas \u00e4ven av riktlinjef\u00f6rfattare. En inledande mening i varje kunskapsst\u00f6d om att avsteg \u00e4r f\u00f6rv\u00e4ntade vore en l\u00e4mplig start. \u00a0<\/p>\n<p class=\"css-176tai e1uki5l82\">Oj\u00e4mlikheten i h\u00e4lsa \u00f6kar. De med goda socioekonomiska f\u00f6ruts\u00e4ttningar lever allt l\u00e4ngre, medan de som har st\u00f6rst behov halkar efter. Principen \u201dallt till alla\u201d fungerar inte n\u00e4r resurserna \u00e4r begr\u00e4nsade. Eftersom v\u00e5rdcentralen \u00e4r ing\u00e5ngen till resten av sjukv\u00e5rdssystemet \u00e4r den central f\u00f6r att erbjuda hela befolkningen v\u00e5rd p\u00e5 lika villkor.<\/p>\n<p class=\"css-176tai e1uki5l82\">Fler spjutspetsbehandlingar hj\u00e4lper inte den som prim\u00e4rv\u00e5rden inte f\u00e5ngar upp. \u00c5terigen beh\u00f6vs allts\u00e5 v\u00e4lfungerande v\u00e5rdcentraler, s\u00e4rskilt i omr\u00e5den med socioekonomisk utsatthet. Resurserna m\u00e5ste vara tillr\u00e4ckliga f\u00f6r att anpassa arbetss\u00e4tten efter varje patients behov. Det finns inga andra s\u00e4tt att utj\u00e4mna de socioekonomiska skillnaderna.<\/p>\n<p class=\"css-176tai e1uki5l82\"><strong>Om alla \u00e4r \u00f6verens <\/strong>om att v\u00e5rden ska vara sammanh\u00e5llen, individanpassad och prioritera den med st\u00f6rst behov beh\u00f6vs beslut som leder oss i den riktningen. H\u00e4r \u00e4r n\u00e5gra f\u00f6rslag att b\u00f6rja med inf\u00f6r val\u00e5ret 2026.<\/p>\n<p class=\"css-176tai e1uki5l82\"><strong>\u2022 <\/strong>Allokera en st\u00f6rre andel av sjukv\u00e5rdens budget till v\u00e5rdcentralerna. Den v\u00e5rdcentral som inte n\u00e5r m\u00e5let om en specialist i allm\u00e4nmedicin per 1100 listade inv\u00e5nare ska inte beh\u00f6va s\u00e4ga nej till anst\u00e4llningar av ekonomiska sk\u00e4l.<\/p>\n<p class=\"css-176tai e1uki5l82\"><strong>\u2022 <\/strong>Kr\u00e4v att v\u00e5rdgivare i prim\u00e4rv\u00e5rden kan erbjuda b\u00e5de fysisk och digital v\u00e5rd utifr\u00e5n medicinskt behov och preferens. Samma v\u00e5rdgivare i prim\u00e4rv\u00e5rden m\u00e5ste kunna f\u00f6lja patienten oavsett behov och samverka med andra v\u00e5rdniv\u00e5er och akt\u00f6rer.<\/p>\n<p class=\"css-176tai e1uki5l82\"><strong>\u2022 <\/strong>Fr\u00e4mja kontinuitet p\u00e5 samma s\u00e4tt som tillg\u00e4nglighet. H\u00f6g relationskontinuitet st\u00e5r inte i konflikt med h\u00f6g \u00e4ndam\u00e5lsenlig tillg\u00e4nglighet; i ett v\u00e4l avv\u00e4gt och adekvat resurssatt system \u00e4r de varandras f\u00f6ruts\u00e4ttningar.<\/p>\n<p class=\"css-176tai e1uki5l82\"><strong>\u2022 <\/strong>Inse att j\u00e4mlikhet i v\u00e5rden bygger p\u00e5 att prim\u00e4rv\u00e5rden har resurser f\u00f6r anpassade arbetss\u00e4tt som m\u00f6ter patientens behov, snarare \u00e4n standardiserade riktlinjer.<\/p>\n<p class=\"css-176tai e1uki5l82\"><strong>M\u00e5ls\u00e4ttningen \u00e4r tydlig<\/strong> och vi vet vad som beh\u00f6ver g\u00f6ras. Ge v\u00e5rdcentralerna det som beh\u00f6vs f\u00f6r att skapa en sammanh\u00e5llen, individuellt anpassad v\u00e5rd p\u00e5 lika villkor. D\u00e5 f\u00e5r vi ett sjukv\u00e5rdssystem att vara stolta \u00f6ver.<\/p>\n<p class=\"css-176tai e1uki5l82\"><strong>Andreas Stomby<\/strong>, ordf\u00f6rande, Svensk f\u00f6rening f\u00f6r allm\u00e4nmedicin<\/p>\n<p>Kommentarer<\/p>\n<p>Arbetar du i sjukv\u00e5rden och vill kommentera texten utifr\u00e5n din yrkesroll?<br \/><a rel=\"noopener noreferrer nofollow\" target=\"_blank\" href=\"https:\/\/docs.google.com\/forms\/d\/e\/1FAIpQLSffxZDE1coKz-qKJnvxSysAsfgKl1gp7Fnt2oZLE2IoHR0LWQ\/viewform\">Klicka h\u00e4r! \u00a0\u00a0<\/a> <br \/>Kommentarer publiceras efter granskning.<\/p>\n","protected":false},"excerpt":{"rendered":"V\u00e5rden ska vara sammanh\u00e5llen och individanpassad och den ska prioriteras enligt h\u00e4lso- och sjukv\u00e5rdslagen. Dessa grundprinciper \u00e5terkommer g\u00e5ng&hellip;\n","protected":false},"author":2,"featured_media":132781,"comment_status":"","ping_status":"","sticky":false,"template":"","format":"standard","meta":{"footnotes":""},"categories":[5],"tags":[22,23,26,27,17,21,24,25,28,29,15,16,18,34,31,33,32,30,19,20],"class_list":{"0":"post-132780","1":"post","2":"type-post","3":"status-publish","4":"format-standard","5":"has-post-thumbnail","7":"category-rubriker","8":"tag-breaking-news","9":"tag-breakingnews","10":"tag-featured-news","11":"tag-featurednews","12":"tag-headlines","13":"tag-huvudnyheter","14":"tag-latest-news","15":"tag-latestnews","16":"tag-main-news","17":"tag-mainnews","18":"tag-news","19":"tag-nyheter","20":"tag-rubriker","21":"tag-se","22":"tag-svenska","23":"tag-sverige","24":"tag-sweden","25":"tag-swedish","26":"tag-top-stories","27":"tag-topstories"},"share_on_mastodon":{"url":"https:\/\/pubeurope.com\/@se\/115880311076206186","error":""},"_links":{"self":[{"href":"https:\/\/www.europesays.com\/se\/wp-json\/wp\/v2\/posts\/132780","targetHints":{"allow":["GET"]}}],"collection":[{"href":"https:\/\/www.europesays.com\/se\/wp-json\/wp\/v2\/posts"}],"about":[{"href":"https:\/\/www.europesays.com\/se\/wp-json\/wp\/v2\/types\/post"}],"author":[{"embeddable":true,"href":"https:\/\/www.europesays.com\/se\/wp-json\/wp\/v2\/users\/2"}],"replies":[{"embeddable":true,"href":"https:\/\/www.europesays.com\/se\/wp-json\/wp\/v2\/comments?post=132780"}],"version-history":[{"count":0,"href":"https:\/\/www.europesays.com\/se\/wp-json\/wp\/v2\/posts\/132780\/revisions"}],"wp:featuredmedia":[{"embeddable":true,"href":"https:\/\/www.europesays.com\/se\/wp-json\/wp\/v2\/media\/132781"}],"wp:attachment":[{"href":"https:\/\/www.europesays.com\/se\/wp-json\/wp\/v2\/media?parent=132780"}],"wp:term":[{"taxonomy":"category","embeddable":true,"href":"https:\/\/www.europesays.com\/se\/wp-json\/wp\/v2\/categories?post=132780"},{"taxonomy":"post_tag","embeddable":true,"href":"https:\/\/www.europesays.com\/se\/wp-json\/wp\/v2\/tags?post=132780"}],"curies":[{"name":"wp","href":"https:\/\/api.w.org\/{rel}","templated":true}]}}