{"id":132782,"date":"2026-01-12T04:47:18","date_gmt":"2026-01-12T04:47:18","guid":{"rendered":"https:\/\/www.europesays.com\/se\/132782\/"},"modified":"2026-01-12T04:47:18","modified_gmt":"2026-01-12T04:47:18","slug":"nu-ar-bara-forsberg-battre-an-elvira-oberg-det-ar-stort-nwt","status":"publish","type":"post","link":"https:\/\/www.europesays.com\/se\/132782\/","title":{"rendered":"Nu \u00e4r bara Forsberg b\u00e4ttre \u00e4n Elvira \u00d6berg: \u201dDet \u00e4r stort\u201d &#8211; NWT"},"content":{"rendered":"<ol>\n<li><a href=\"https:\/\/news.google.com\/rss\/articles\/CBMilwFBVV95cUxPNUxBMGIyTW5ndHNOR0YzUktORnlPU3dDajlldVpDTElMMGpOZktJMUg1eFMtd3N4UEhxdkdkU2ZZQjBISFlzVENoak9iU3VDNTNFTUllTUgtUXlGbzNsMW9EaHZUWkNSUzdTN0kyQ2RyNEtFckhXZ2FGUS15MzR4NVVxeUlfSDB0ZTh6a2FaMFV2WXk0bU1J?oc=5\" target=\"_blank\" rel=\"nofollow noopener\">Nu \u00e4r bara Forsberg b\u00e4ttre \u00e4n Elvira \u00d6berg: \u201dDet \u00e4r stort\u201d<\/a>&nbsp;&nbsp;NWT<\/li>\n<li><a href=\"https:\/\/news.google.com\/rss\/articles\/CBMifkFVX3lxTE4tNG5FRGtfdUpUYWRLczNONTVVcGJja0xxVXBrM1pjN1IweVVqblprRDRUckJGVzREOVRrbWU0SGMwTXluWU0yMEFISnJmSTJJTjZaZWdWWVR3UHZ2WVE1SW8zcGtVYVkxR05td3I3Z1RVTV92SzdraHFlenJ1QQ?oc=5\" target=\"_blank\" rel=\"nofollow noopener\">Succ\u00e9 f\u00f6r Elvira \u00d6berg i Oberhof<\/a>&nbsp;&nbsp;Aftonbladet<\/li>\n<li><a href=\"https:\/\/news.google.com\/rss\/articles\/CBMivAFBVV95cUxPd1hkcEtWamQ3cF9NbTUyZ0NXdlE3bGVDS0I0VzlDN0UyTVVWVHRyYnRFeEdWLUVIb0ZYeWZxb3h0bnBvUnJEV3FZQ3dZTUJmSmU0THRpMDRwbFNUTExBcWlySzFxR3V4ZFJSSmh4S21VUkNjZUliWGhqX0s1eFg2MXJOYU5neVFBU2kwdDA0clNtUDdTa01yVXlXcXJzNzF1eFh2bDFDbzd2Y0V1b3dXVW9oMklzZXVjRGpBYQ?oc=5\" target=\"_blank\" rel=\"nofollow noopener\">Vinterstudion 2025\/26 \u2013 nyheter och s\u00e4ndningar<\/a>&nbsp;&nbsp;SVT Nyheter<\/li>\n<li><a href=\"https:\/\/news.google.com\/rss\/articles\/CBMioAFBVV95cUxOellTSTdVYnpodzZKVVVneGJod1U2bFBVVUJKYjNkYTdUc2p5cnI5LWdLdjNDWURRSVBicVJqTWVOaHV5c1JXNVZDY3NyMzF6SkhEb2F2MHVUSzJNbHdsVXZDM3hlZm5TTkpULVdMR2g0QmRaNFhHeWRmd1JvZUlnV0c5ZndUc1FiMW5wam5NY1g2V0F0VGZaeWJFZVFBRnQ2?oc=5\" target=\"_blank\" rel=\"nofollow noopener\">Elvira \u00d6berg om systersucc\u00e9n: \u201dEtt tag sedan vi delade prispall\u201d<\/a>&nbsp;&nbsp;Sveriges Radio<\/li>\n<li><a href=\"https:\/\/news.google.com\/rss\/articles\/CBMijAFBVV95cUxNMVVaeUJCR1BpR19yZGZxbnpITk1HX2JsRmx4SHRmVXdHeWZqYWxPSUtKQWJDa1ZYWkJuV3puVWxPaWVTVWlhVWJadVZEQ0xrWDcyZkpSeDBUUmQyRTFtVGhfLUpkcjI3S1dmd3ZZOWV6LTU3RktQNUZOYVN0NEktcC1PV3pwak1WejMxQg?oc=5\" target=\"_blank\" rel=\"nofollow noopener\">Succ\u00e9n \u2013 n\u00e4st b\u00e4st n\u00e5gonsin<\/a>&nbsp;&nbsp;Expressen<\/li>\n<\/ol>\n","protected":false},"excerpt":{"rendered":"Nu \u00e4r bara Forsberg b\u00e4ttre \u00e4n Elvira \u00d6berg: \u201dDet \u00e4r stort\u201d&nbsp;&nbsp;NWT Succ\u00e9 f\u00f6r Elvira \u00d6berg i Oberhof&nbsp;&nbsp;Aftonbladet Vinterstudion&hellip;\n","protected":false},"author":2,"featured_media":132783,"comment_status":"","ping_status":"","sticky":false,"template":"","format":"standard","meta":{"footnotes":""},"categories":[68],"tags":[34,111,110,31,33,32,30],"class_list":{"0":"post-132782","1":"post","2":"type-post","3":"status-publish","4":"format-standard","5":"has-post-thumbnail","7":"category-sport","8":"tag-se","9":"tag-sport","10":"tag-sports","11":"tag-svenska","12":"tag-sverige","13":"tag-sweden","14":"tag-swedish"},"share_on_mastodon":{"url":"https:\/\/pubeurope.com\/@se\/115880318918602416","error":""},"_links":{"self":[{"href":"https:\/\/www.europesays.com\/se\/wp-json\/wp\/v2\/posts\/132782","targetHints":{"allow":["GET"]}}],"collection":[{"href":"https:\/\/www.europesays.com\/se\/wp-json\/wp\/v2\/posts"}],"about":[{"href":"https:\/\/www.europesays.com\/se\/wp-json\/wp\/v2\/types\/post"}],"author":[{"embeddable":true,"href":"https:\/\/www.europesays.com\/se\/wp-json\/wp\/v2\/users\/2"}],"replies":[{"embeddable":true,"href":"https:\/\/www.europesays.com\/se\/wp-json\/wp\/v2\/comments?post=132782"}],"version-history":[{"count":0,"href":"https:\/\/www.europesays.com\/se\/wp-json\/wp\/v2\/posts\/132782\/revisions"}],"wp:featuredmedia":[{"embeddable":true,"href":"https:\/\/www.europesays.com\/se\/wp-json\/wp\/v2\/media\/132783"}],"wp:attachment":[{"href":"https:\/\/www.europesays.com\/se\/wp-json\/wp\/v2\/media?parent=132782"}],"wp:term":[{"taxonomy":"category","embeddable":true,"href":"https:\/\/www.europesays.com\/se\/wp-json\/wp\/v2\/categories?post=132782"},{"taxonomy":"post_tag","embeddable":true,"href":"https:\/\/www.europesays.com\/se\/wp-json\/wp\/v2\/tags?post=132782"}],"curies":[{"name":"wp","href":"https:\/\/api.w.org\/{rel}","templated":true}]}}