{"id":132786,"date":"2026-01-12T04:53:36","date_gmt":"2026-01-12T04:53:36","guid":{"rendered":"https:\/\/www.europesays.com\/se\/132786\/"},"modified":"2026-01-12T04:53:36","modified_gmt":"2026-01-12T04:53:36","slug":"en-person-dod-i-skogsbranden-hittades-i-bil","status":"publish","type":"post","link":"https:\/\/www.europesays.com\/se\/132786\/","title":{"rendered":"En person d\u00f6d i skogsbranden \u2013 hittades i bil"},"content":{"rendered":"<p>En person har d\u00f6tt i de omfattande skogsbr\u00e4nder som rasar i Australien, rapporterar ABC.<\/p>\n<p>Kvarlevor efter en m\u00e4nniska har hittats i en bil p\u00e5 en eldh\u00e4rjad v\u00e4g utanf\u00f6r samh\u00e4llet Seymour. <\/p>\n<p>Det \u00e4r det f\u00f6rsta d\u00f6dsfallet med bekr\u00e4ftad koppling till br\u00e4nderna i regionen Victoria, som beskrivs som katastrofala.<\/p>\n<p>Tidigare i veckan hittades en 60-\u00e5rig man d\u00f6d i sin bil i ett branddrabbat omr\u00e5de, men enligt r\u00e4ddningstj\u00e4nsten tros han ha d\u00f6tt av andra orsaker \u00e4n branden. <\/p>\n<p>Omni \u00e4r politiskt obundna och oberoende. Vi str\u00e4var efter att ge fler perspektiv p\u00e5 nyheterna. Har du fr\u00e5gor eller synpunkter kring v\u00e5r rapportering? <a href=\"https:\/\/omni.se\/en-person-dod-i-skogsbranden-hittades-i-bil\/a\/mailto:redaktion@omni.se\" class=\"ArticleActions_contactLink__W2F1M\" rel=\"nofollow noopener\" target=\"_blank\">Kontakta redaktionen<\/a><\/p>\n","protected":false},"excerpt":{"rendered":"En person har d\u00f6tt i de omfattande skogsbr\u00e4nder som rasar i Australien, rapporterar ABC. Kvarlevor efter en m\u00e4nniska&hellip;\n","protected":false},"author":2,"featured_media":132787,"comment_status":"","ping_status":"","sticky":false,"template":"","format":"standard","meta":{"footnotes":""},"categories":[5],"tags":[450,22,23,26,27,17,21,24,25,28,29,15,16,18,34,31,33,32,30,19,20],"class_list":{"0":"post-132786","1":"post","2":"type-post","3":"status-publish","4":"format-standard","5":"has-post-thumbnail","7":"category-rubriker","8":"tag-australien","9":"tag-breaking-news","10":"tag-breakingnews","11":"tag-featured-news","12":"tag-featurednews","13":"tag-headlines","14":"tag-huvudnyheter","15":"tag-latest-news","16":"tag-latestnews","17":"tag-main-news","18":"tag-mainnews","19":"tag-news","20":"tag-nyheter","21":"tag-rubriker","22":"tag-se","23":"tag-svenska","24":"tag-sverige","25":"tag-sweden","26":"tag-swedish","27":"tag-top-stories","28":"tag-topstories"},"share_on_mastodon":{"url":"https:\/\/pubeurope.com\/@se\/115880342476570058","error":""},"_links":{"self":[{"href":"https:\/\/www.europesays.com\/se\/wp-json\/wp\/v2\/posts\/132786","targetHints":{"allow":["GET"]}}],"collection":[{"href":"https:\/\/www.europesays.com\/se\/wp-json\/wp\/v2\/posts"}],"about":[{"href":"https:\/\/www.europesays.com\/se\/wp-json\/wp\/v2\/types\/post"}],"author":[{"embeddable":true,"href":"https:\/\/www.europesays.com\/se\/wp-json\/wp\/v2\/users\/2"}],"replies":[{"embeddable":true,"href":"https:\/\/www.europesays.com\/se\/wp-json\/wp\/v2\/comments?post=132786"}],"version-history":[{"count":0,"href":"https:\/\/www.europesays.com\/se\/wp-json\/wp\/v2\/posts\/132786\/revisions"}],"wp:featuredmedia":[{"embeddable":true,"href":"https:\/\/www.europesays.com\/se\/wp-json\/wp\/v2\/media\/132787"}],"wp:attachment":[{"href":"https:\/\/www.europesays.com\/se\/wp-json\/wp\/v2\/media?parent=132786"}],"wp:term":[{"taxonomy":"category","embeddable":true,"href":"https:\/\/www.europesays.com\/se\/wp-json\/wp\/v2\/categories?post=132786"},{"taxonomy":"post_tag","embeddable":true,"href":"https:\/\/www.europesays.com\/se\/wp-json\/wp\/v2\/tags?post=132786"}],"curies":[{"name":"wp","href":"https:\/\/api.w.org\/{rel}","templated":true}]}}