{"id":132788,"date":"2026-01-12T04:55:17","date_gmt":"2026-01-12T04:55:17","guid":{"rendered":"https:\/\/www.europesays.com\/se\/132788\/"},"modified":"2026-01-12T04:55:17","modified_gmt":"2026-01-12T04:55:17","slug":"orebro-kan-tappa-puistola-till-shl-konkurrent-vi-vet-att-det-blir-tufft-shl","status":"publish","type":"post","link":"https:\/\/www.europesays.com\/se\/132788\/","title":{"rendered":"\u00d6rebro kan tappa Puistola till SHL-konkurrent: \u201dVi vet att det blir tufft\u201d | SHL"},"content":{"rendered":"<p>Publicerad 11 jan 2026 kl 16.28<\/p>\n<p>\u00d6rebro vill beh\u00e5lla Patrik Puistola.<\/p>\n<p>Men nu kan Expressen avsl\u00f6ja att han jagas intensivt av toppkonkurrenter.<\/p>\n<p>K\u00e4llor uppger att Fr\u00f6lunda \u00e4r en av klubbarna som ligger l\u00e5ngt fram.<\/p>\n<p>\u2013 Det \u00e4r en attraktiv spelare p\u00e5 marknaden och vi vet att det kommer bli tufft att beh\u00e5lla honom, s\u00e4ger \u00d6rebros sportchef Henrik L\u00f6wdahl.<\/p>\n<p>Sverige vidare efter straffar: \u201dVille att han skulle missa\u201d<img   alt=\"\"\/><\/p>\n<p>Patrik Puistola.<\/p>\n<p>Foto: ARON BROMAN \/ BILDBYR\u00c5N<\/p>\n<p>\u00d6ppna bild i helsk\u00e4rm<\/p>\n<p>Han gjorde succ\u00e9 f\u00f6rra s\u00e4songen, n\u00e4r han kom in fr\u00e5n den finska ligan. Det blev VM-spel och det var lite surr om att han \u00e4ven skulle vara h\u00f6gaktuell f\u00f6r NHL. S\u00e5 blev det aldrig, och senare har Puistola sagt till <a href=\"https:\/\/www.na.se\/2025-08-12\/puistola-var-aldrig-nara-pa-det-sattet\/\" rel=\"nofollow noopener\" target=\"_blank\">lokaltidningen NA<\/a> att det aldrig var riktigt n\u00e4ra med NHL f\u00f6r honom.<\/p>\n<p>S\u00e5ledes kickades det sista \u00e5ret p\u00e5 avtalet med \u00d6rebro in.<\/p>\n<p>Han har under \u00e5ret varit en framst\u00e5ende spelare f\u00f6r n\u00e4rkingarna och taktar mot runt 40 po\u00e4ng n\u00e4r serien summeras. Nu vill man beh\u00e5lla honom.<\/p>\n<p>\u2013 Vi f\u00f6r diskussioner med Patrik och hans r\u00e5dgivare, s\u00e4ger Henrik L\u00f6wdahl.<\/p>\n<p><strong>Hur g\u00e5r de diskussionerna?<\/strong><\/p>\n<p>\u2013 Det \u00e4r en attraktiv spelare p\u00e5 marknaden. Fr\u00e5n v\u00e5r sida \u00e4r det glasklart, men jag inser ocks\u00e5 att det kommer bli tufft.<\/p>\n<p>Enligt Expressens uppgifter \u00e4r Puistola v\u00e4ldigt intressant bland <a href=\"https:\/\/www.expressen.se\/tagg\/organization\/shl\/\" class=\"\" rel=\"nofollow noopener\" target=\"_blank\">SHL<\/a>:s toppklubbar och Fr\u00f6lunda \u00e4r en av klubbarna som ligger l\u00e5ngt fram i intresset och \u00e4r p\u00e5 jakt efter toppspelare.<\/p>\n<p>Klubben kan mycket v\u00e4l tappa Jere Innala till Schweiz och beh\u00f6ver addera kvalitet till sin trupp.<\/p>\n<p>Luriga svaret: \u201dS\u00e5 kan det absolut vara\u201d<\/p>\n<p>Henrik L\u00f6wdahl \u00e4r v\u00e4l medveten om situationen, och \u00d6rebros plats i n\u00e4ringskedjan.<\/p>\n<p>\u2013 Han har en stark drivkraft efter att v\u00e4lja n\u00e5got som \u00e4r b\u00e4st rent sportsligt f\u00f6r honom, s\u00e4ger han.<\/p>\n<p><strong>Han vill till en klubb som har stora m\u00f6jligheter att vinna?<\/strong><\/p>\n<p>\u2013 Ja, och jag kan t\u00e4nka mig vilka det \u00e4r som drar i honom.<\/p>\n<p><strong>Du vet rentav vilka det \u00e4r?<\/strong><\/p>\n<p>\u2013 S\u00e5 kan det absolut vara, svarar Henrik L\u00f6wdahl lurigt, utan att vara besviken om Patrik Puistola v\u00e4ljer bort en forts\u00e4ttning.<\/p>\n<p>\u2013 Vi hoppas att det \u00e4r \u00d6rebro. Om det inte \u00e4r det s\u00e5 f\u00e5r vi jobba vidare p\u00e5 andra sp\u00e5r. Det \u00e4r s\u00e5 det fungerar, och det \u00e4r upp till spelarna att v\u00e4lja. Det \u00e4r en attraktiv spelare, och s\u00e5 \u00e4r branschen.<\/p>\n","protected":false},"excerpt":{"rendered":"Publicerad 11 jan 2026 kl 16.28 \u00d6rebro vill beh\u00e5lla Patrik Puistola. Men nu kan Expressen avsl\u00f6ja att han&hellip;\n","protected":false},"author":2,"featured_media":132789,"comment_status":"","ping_status":"","sticky":false,"template":"","format":"standard","meta":{"footnotes":""},"categories":[68],"tags":[2559,1179,34,255,823,111,110,31,33,32,30],"class_list":{"0":"post-132788","1":"post","2":"type-post","3":"status-publish","4":"format-standard","5":"has-post-thumbnail","7":"category-sport","8":"tag-organization-orebro-hockey","9":"tag-organization-shl","10":"tag-se","11":"tag-sections-ishockey","12":"tag-sections-shl","13":"tag-sport","14":"tag-sports","15":"tag-svenska","16":"tag-sverige","17":"tag-sweden","18":"tag-swedish"},"share_on_mastodon":{"url":"https:\/\/pubeurope.com\/@se\/115880350354764781","error":""},"_links":{"self":[{"href":"https:\/\/www.europesays.com\/se\/wp-json\/wp\/v2\/posts\/132788","targetHints":{"allow":["GET"]}}],"collection":[{"href":"https:\/\/www.europesays.com\/se\/wp-json\/wp\/v2\/posts"}],"about":[{"href":"https:\/\/www.europesays.com\/se\/wp-json\/wp\/v2\/types\/post"}],"author":[{"embeddable":true,"href":"https:\/\/www.europesays.com\/se\/wp-json\/wp\/v2\/users\/2"}],"replies":[{"embeddable":true,"href":"https:\/\/www.europesays.com\/se\/wp-json\/wp\/v2\/comments?post=132788"}],"version-history":[{"count":0,"href":"https:\/\/www.europesays.com\/se\/wp-json\/wp\/v2\/posts\/132788\/revisions"}],"wp:featuredmedia":[{"embeddable":true,"href":"https:\/\/www.europesays.com\/se\/wp-json\/wp\/v2\/media\/132789"}],"wp:attachment":[{"href":"https:\/\/www.europesays.com\/se\/wp-json\/wp\/v2\/media?parent=132788"}],"wp:term":[{"taxonomy":"category","embeddable":true,"href":"https:\/\/www.europesays.com\/se\/wp-json\/wp\/v2\/categories?post=132788"},{"taxonomy":"post_tag","embeddable":true,"href":"https:\/\/www.europesays.com\/se\/wp-json\/wp\/v2\/tags?post=132788"}],"curies":[{"name":"wp","href":"https:\/\/api.w.org\/{rel}","templated":true}]}}