{"id":132792,"date":"2026-01-12T05:01:12","date_gmt":"2026-01-12T05:01:12","guid":{"rendered":"https:\/\/www.europesays.com\/se\/132792\/"},"modified":"2026-01-12T05:01:12","modified_gmt":"2026-01-12T05:01:12","slug":"oresjnik-nya-ryska-vapnet-mot-ukraina","status":"publish","type":"post","link":"https:\/\/www.europesays.com\/se\/132792\/","title":{"rendered":"Oresjnik \u2013 nya ryska vapnet mot Ukraina"},"content":{"rendered":"<p>Oresjnik har anv\u00e4nts tv\u00e5 g\u00e5nger under de snart fyra \u00e5ren som Rysslands krig mot Ukraina har p\u00e5g\u00e5tt \u2013 senast p\u00e5 fredagen n\u00e4r Lviv i v\u00e4stra Ukraina attackerades.<\/p>\n<p>      Vilken typ av vapen handlar det om?<\/p>\n<p>Vapnet Oresjnik \u00e4r en medeldistansrobot, vilket ger Ryssland m\u00f6jlighet att komma l\u00e5ngt in i Ukraina. Det \u00e4r ocks\u00e5 en ballistisk och hypersonisk robot \u2013 som d\u00e4rmed uppn\u00e5r en h\u00f6g hastighet p\u00e5 h\u00f6ga h\u00f6jder.<\/p>\n<p>\u2013\u00a0Bara det \u00e4r sv\u00e5rt, och det \u00e4r egentligen samma f\u00f6r m\u00e5nga ballistiska robotar och hypersoniska robotar, s\u00e4ger Hans Liw\u00e5ng.<\/p>\n<p>Det som g\u00f6r roboten speciell \u00e4r att den delar upp sig i tio stridsspetsar p\u00e5 v\u00e4gen ned. Bara en stridsspets p\u00e5 h\u00f6g hastighet \u00e4r sv\u00e5r att skydda sig mot, konstaterar Hans Liw\u00e5ng.<\/p>\n<p>\u2013\u00a0Med stor sannolikhet kommer flera av de h\u00e4r stridsspetsarna klara sig hela v\u00e4gen till sitt m\u00e5l, eftersom de \u00e4r s\u00e5 snabba och att de just delar upp sig och \u00e4r sv\u00e5ra att hantera samtidigt, s\u00e4ger han.<\/p>\n<p>          <img decoding=\"async\" class=\"picture__img\" src=\"https:\/\/www.europesays.com\/se\/wp-content\/uploads\/2026\/01\/e2a7c9a9-af13-48bb-b7be-98c38843b2f2.jpeg\"   alt=\"Hans Liw\u00e5ng, f\u00f6rsvarsexpert f\u00f6rsvarsh\u00f6gskolan.\"\/><\/p>\n<p>      Hans Liw\u00e5ng, f\u00f6rsvarsexpert f\u00f6rsvarsh\u00f6gskolan.<\/p>\n<p>      Foto: Anders G Warne<\/p>\n<p>      Varf\u00f6r har vapnet anv\u00e4nts s\u00e5 f\u00e5 g\u00e5nger?<\/p>\n<p>Den fr\u00e4msta orsaken \u00e4r att Ryssland inte verkar kunna tillverka s\u00e5 m\u00e5nga avancerade robotar, s\u00e5som Oresjnik, enligt Hans Liw\u00e5ng. Exakt hur mycket som tillverkas, liksom var och p\u00e5 vilket s\u00e4tt, vet man inte.<\/p>\n<p>\u2013\u00a0Det kan vara att det h\u00e4r \u00e4r nya vapen \u2013 som man inte har byggt upp en tillverkningsapparat kring \u2013 i kombination med att sanktioner, p\u00e5verkar m\u00f6jligheten att f\u00e5 tag p\u00e5 komponenter man beh\u00f6ver, s\u00e4ger Hans Liw\u00e5ng.<\/p>\n<p>Om Ryssland hade haft fler vapen av typen Oresjnik hade de troligen anv\u00e4nts mycket oftare, bed\u00f6mer han.<\/p>\n<p>          <img decoding=\"async\" class=\"picture__img\" src=\"https:\/\/www.europesays.com\/se\/wp-content\/uploads\/2026\/01\/7d31fc37-16d3-4936-90fb-d8f146634588.jpeg\"   alt=\"Rysslands president Vladimir Putin.\"\/><\/p>\n<p>      Rysslands president Vladimir Putin.<\/p>\n<p>      Foto: Gavriil Grigorov\/TT<\/p>\n<p>      Varf\u00f6r skedde en andra Oresjnikattack nu?<\/p>\n<p>F\u00f6r Ryssland handlar det framf\u00f6r allt om att skapa os\u00e4kerhet, konstaterar Hans Liw\u00e5ng.<\/p>\n<p>F\u00f6rsta g\u00e5ngen en attack med Oresjnik mot Ukraina skedde, i november 2024, kunde Ryssland visa att det har vapnet. Sedan dess m\u00e5ste Ukraina alltid vara p\u00e5 sin vakt, \u00e4r den ryska planen.<\/p>\n<p>\u2013\u00a0Os\u00e4kerheten om hur blandningen av vapen kommer att se ut n\u00e4sta g\u00e5ng g\u00f6r att Ryssland h\u00e5ller kvar initiativet, och det blir \u00e4nnu sv\u00e5rare f\u00f6r Ukraina att planera sitt luftf\u00f6rsvar, s\u00e4ger Hans Liw\u00e5ng och forts\u00e4tter:<\/p>\n<p>\u2013\u00a0N\u00e4r Ryssland anv\u00e4nder vapnet en g\u00e5ng vet Ukraina att det skulle kunna komma n\u00e4sta g\u00e5ng ocks\u00e5. D\u00e5 har det f\u00e5tt sin effekt, \u00e4ven om man inte anv\u00e4nder det.<\/p>\n<p>          <img decoding=\"async\" class=\"picture__img\" src=\"https:\/\/www.europesays.com\/se\/wp-content\/uploads\/2026\/01\/83777116-70f2-422d-8716-56c7a4203617.jpeg\"   alt=\"Sergej Karakajev. chef f\u00f6r de ryska strategiska styrkorna, och Vasilij Tonkosjkurov, f\u00f6rste vice ordf\u00f6rande f\u00f6r ryska milit\u00e4rindustrikommissionen.\"\/><\/p>\n<p>      Sergej Karakajev. chef f\u00f6r de ryska strategiska styrkorna, och Vasilij Tonkosjkurov, f\u00f6rste vice ordf\u00f6rande f\u00f6r ryska milit\u00e4rindustrikommissionen.<\/p>\n<p>      Foto: Vyacheslav Prokofyev\/TT<\/p>\n<p>      Hur ser Ukrainas m\u00f6jlighet att f\u00f6rsvara sig ut?<\/p>\n<p>Rent tekniskt \u00e4r de moderna luftf\u00f6rsvarssystemen som Ukraina har f\u00e5tt fr\u00e5n till exempel USA gjorda f\u00f6r att stoppa ballistiska robotar.<\/p>\n<p>Problemet \u00e4r att Ryssland skjuter dem under n\u00e4tterna, samtidigt som det kommer ett stort antal andra robotar och dr\u00f6nare som Ukraina ocks\u00e5 beh\u00f6ver f\u00f6rsvara sig mot.<\/p>\n<p>\u2013\u00a0Skulle det bara vara en som kom och man var v\u00e4l f\u00f6rberedd, d\u00e5 skulle det teoretiskt och tekniskt vara m\u00f6jligt att skjuta ned de h\u00e4r. Men de kommer i ett sammanhang som g\u00f6r det \u00e4nnu sv\u00e5rare f\u00f6r Ukraina att skydda sig, s\u00e4ger Hans Liw\u00e5ng.<\/p>\n","protected":false},"excerpt":{"rendered":"Oresjnik har anv\u00e4nts tv\u00e5 g\u00e5nger under de snart fyra \u00e5ren som Rysslands krig mot Ukraina har p\u00e5g\u00e5tt \u2013&hellip;\n","protected":false},"author":2,"featured_media":132793,"comment_status":"","ping_status":"","sticky":false,"template":"","format":"standard","meta":{"footnotes":""},"categories":[5],"tags":[22,23,26,27,17,21,24,25,28,29,15,16,18,34,31,33,32,30,19,20],"class_list":{"0":"post-132792","1":"post","2":"type-post","3":"status-publish","4":"format-standard","5":"has-post-thumbnail","7":"category-rubriker","8":"tag-breaking-news","9":"tag-breakingnews","10":"tag-featured-news","11":"tag-featurednews","12":"tag-headlines","13":"tag-huvudnyheter","14":"tag-latest-news","15":"tag-latestnews","16":"tag-main-news","17":"tag-mainnews","18":"tag-news","19":"tag-nyheter","20":"tag-rubriker","21":"tag-se","22":"tag-svenska","23":"tag-sverige","24":"tag-sweden","25":"tag-swedish","26":"tag-top-stories","27":"tag-topstories"},"share_on_mastodon":{"url":"https:\/\/pubeurope.com\/@se\/115880373970272413","error":""},"_links":{"self":[{"href":"https:\/\/www.europesays.com\/se\/wp-json\/wp\/v2\/posts\/132792","targetHints":{"allow":["GET"]}}],"collection":[{"href":"https:\/\/www.europesays.com\/se\/wp-json\/wp\/v2\/posts"}],"about":[{"href":"https:\/\/www.europesays.com\/se\/wp-json\/wp\/v2\/types\/post"}],"author":[{"embeddable":true,"href":"https:\/\/www.europesays.com\/se\/wp-json\/wp\/v2\/users\/2"}],"replies":[{"embeddable":true,"href":"https:\/\/www.europesays.com\/se\/wp-json\/wp\/v2\/comments?post=132792"}],"version-history":[{"count":0,"href":"https:\/\/www.europesays.com\/se\/wp-json\/wp\/v2\/posts\/132792\/revisions"}],"wp:featuredmedia":[{"embeddable":true,"href":"https:\/\/www.europesays.com\/se\/wp-json\/wp\/v2\/media\/132793"}],"wp:attachment":[{"href":"https:\/\/www.europesays.com\/se\/wp-json\/wp\/v2\/media?parent=132792"}],"wp:term":[{"taxonomy":"category","embeddable":true,"href":"https:\/\/www.europesays.com\/se\/wp-json\/wp\/v2\/categories?post=132792"},{"taxonomy":"post_tag","embeddable":true,"href":"https:\/\/www.europesays.com\/se\/wp-json\/wp\/v2\/tags?post=132792"}],"curies":[{"name":"wp","href":"https:\/\/api.w.org\/{rel}","templated":true}]}}