{"id":132794,"date":"2026-01-12T05:03:17","date_gmt":"2026-01-12T05:03:17","guid":{"rendered":"https:\/\/www.europesays.com\/se\/132794\/"},"modified":"2026-01-12T05:03:17","modified_gmt":"2026-01-12T05:03:17","slug":"oppnar-om-ryktena-mycket-som-inte-varit-sant-vlt","status":"publish","type":"post","link":"https:\/\/www.europesays.com\/se\/132794\/","title":{"rendered":"\u00d6ppnar om ryktena: \u201dMycket som inte varit sant\u201d &#8211; VLT"},"content":{"rendered":"<ol>\n<li><a href=\"https:\/\/news.google.com\/rss\/articles\/CBMifEFVX3lxTE9UUFc2YVFwaUE3LVJLODZlVkd4UVZwb1RrakFGRWNyWXVtdkFIaS1NYzdsMExfNVZscmh1UlNkS05xakdwMUNXY0p6ay1FMUxrbGhBNE51V2FDYUNQeVloOE1maWotWTd6WWZzVE5rQ1Q2dUIyRENsNDZ4cVI?oc=5\" target=\"_blank\" rel=\"nofollow noopener\">\u00d6ppnar om ryktena: \u201dMycket som inte varit sant\u201d<\/a>&nbsp;&nbsp;VLT<\/li>\n<li><a href=\"https:\/\/news.google.com\/rss\/articles\/CBMigwFBVV95cUxOODZydTBETnktQjdsZ1BfcEFaN04zaW1jVUQ4ajM1SE9ZTldvLVR1UElpdFAxaGdfZ0dva19rR1VVZUd4MVBDcDk4VFJnV1dFbjI2ZlFiS09adkhYekpoQkxTR0xYT1BQbW14Zlc3eExnOFFnZUd6Mm45SG1HN1RFOGdqWQ?oc=5\" target=\"_blank\" rel=\"nofollow noopener\">Andr\u00e9 Bernardini klar f\u00f6r fortsatt spel i Gr\u00f6nvitt<\/a>&nbsp;&nbsp;VSK Fotboll<\/li>\n<li><a href=\"https:\/\/news.google.com\/rss\/articles\/CBMioAFBVV95cUxQa29FaDU5ejJMUVAyS1phaXpXNUE0UTlEMFNDUG1BR3JQRXhLa2RaREl0elJKanhHT2R4S0MtbzBtTnotcER4eUxBQnh2NW1aQXpjbTZWc09MdmdLQ0JUZWNQNnc2Y1NRN0xPX3NOVDc4VkI5RzdVQ3p4dHg3Vm1vYm5POF9Vcmx5YmVxZ2ZsZnJYODFNSFFhVUhzdGtjS015?oc=5\" target=\"_blank\" rel=\"nofollow noopener\">Simon Gefvert: &#8221;Det var en viktig del i att jag blir kvar&#8221;<\/a>&nbsp;&nbsp;Fotbolltransfers<\/li>\n<li><a href=\"https:\/\/news.google.com\/rss\/articles\/CBMijAFBVV95cUxPQmh3dHI5VEV5UlFxRkdvYl9td0hJVFp3T3ZHOTd3Q3FFQUFlNWw5SXpjMmxObS1UbHlYQXlLdzRBTmJVLTFPbjM2LU5HTXRmX1lGTlVyMXVTTk1TbVF4Z1gxR21qYl9sQmpFaHpvc1lldTRWWE5PQk04bGR5bEV2djA3ek9VdHhsMDRTLQ?oc=5\" target=\"_blank\" rel=\"nofollow noopener\">Officiellt: VSK f\u00f6rl\u00e4nger med duo<\/a>&nbsp;&nbsp;Fotbollskanalen<\/li>\n<li><a href=\"https:\/\/news.google.com\/rss\/articles\/CBMifkFVX3lxTE10MXNpeERoNVZIZ3JHVTVYNE5nWm44blNBalhFYVB5eUdBa1BuUXRiMEI3czJndmtkb2ZOblZsdVJ1UjJjOXVkTFIyM0tJWHZNWTNNMkJVajhlSUxubHNsd19HaVlDakJWOFZCY3dUNEFsUldvcm1hMUJtR0lWZw?oc=5\" target=\"_blank\" rel=\"nofollow noopener\">Klart: Bernardini f\u00f6rl\u00e4nger med VSK<\/a>&nbsp;&nbsp;FotbollDirekt<\/li>\n<\/ol>\n","protected":false},"excerpt":{"rendered":"\u00d6ppnar om ryktena: \u201dMycket som inte varit sant\u201d&nbsp;&nbsp;VLT Andr\u00e9 Bernardini klar f\u00f6r fortsatt spel i Gr\u00f6nvitt&nbsp;&nbsp;VSK Fotboll Simon&hellip;\n","protected":false},"author":2,"featured_media":132795,"comment_status":"","ping_status":"","sticky":false,"template":"","format":"standard","meta":{"footnotes":""},"categories":[68],"tags":[34,111,110,31,33,32,30],"class_list":{"0":"post-132794","1":"post","2":"type-post","3":"status-publish","4":"format-standard","5":"has-post-thumbnail","7":"category-sport","8":"tag-se","9":"tag-sport","10":"tag-sports","11":"tag-svenska","12":"tag-sverige","13":"tag-sweden","14":"tag-swedish"},"share_on_mastodon":{"url":"https:\/\/pubeurope.com\/@se\/115880381805112290","error":""},"_links":{"self":[{"href":"https:\/\/www.europesays.com\/se\/wp-json\/wp\/v2\/posts\/132794","targetHints":{"allow":["GET"]}}],"collection":[{"href":"https:\/\/www.europesays.com\/se\/wp-json\/wp\/v2\/posts"}],"about":[{"href":"https:\/\/www.europesays.com\/se\/wp-json\/wp\/v2\/types\/post"}],"author":[{"embeddable":true,"href":"https:\/\/www.europesays.com\/se\/wp-json\/wp\/v2\/users\/2"}],"replies":[{"embeddable":true,"href":"https:\/\/www.europesays.com\/se\/wp-json\/wp\/v2\/comments?post=132794"}],"version-history":[{"count":0,"href":"https:\/\/www.europesays.com\/se\/wp-json\/wp\/v2\/posts\/132794\/revisions"}],"wp:featuredmedia":[{"embeddable":true,"href":"https:\/\/www.europesays.com\/se\/wp-json\/wp\/v2\/media\/132795"}],"wp:attachment":[{"href":"https:\/\/www.europesays.com\/se\/wp-json\/wp\/v2\/media?parent=132794"}],"wp:term":[{"taxonomy":"category","embeddable":true,"href":"https:\/\/www.europesays.com\/se\/wp-json\/wp\/v2\/categories?post=132794"},{"taxonomy":"post_tag","embeddable":true,"href":"https:\/\/www.europesays.com\/se\/wp-json\/wp\/v2\/tags?post=132794"}],"curies":[{"name":"wp","href":"https:\/\/api.w.org\/{rel}","templated":true}]}}