{"id":132806,"date":"2026-01-12T05:17:36","date_gmt":"2026-01-12T05:17:36","guid":{"rendered":"https:\/\/www.europesays.com\/se\/132806\/"},"modified":"2026-01-12T05:17:36","modified_gmt":"2026-01-12T05:17:36","slug":"hundratals-fler-federala-agenter-till-minneapolis-2","status":"publish","type":"post","link":"https:\/\/www.europesays.com\/se\/132806\/","title":{"rendered":"Hundratals fler federala agenter till Minneapolis"},"content":{"rendered":"<p class=\"boxtextgrotesk-root_baa6 hyperion-css-7pajle\">Uppdaterad 00.56 | Publicerad 00.35<\/p>\n<p>share-arrowDela<\/p>\n<p>unsaveSpara<\/p>\n<p>expand-left<\/p>\n<p>helsk\u00e4rm<img decoding=\"async\" class=\"image-asset hyperion-css-u06ts1\" data-test-tag=\"image-asset\" src=\"https:\/\/www.europesays.com\/se\/wp-content\/uploads\/2026\/01\/53419c52-d59e-4dda-901e-d42ecbb78f46.jpeg\"  alt=\"En federal agent i Minneapolis i amerikanska Minnesota.\"  loading=\"eager\" fetchpriority=\"high\" style=\"aspect-ratio:1900 \/ 1267\"\/>En federal agent i Minneapolis i amerikanska Minnesota. Foto: Christopher Katsarov\/AP\/TT<\/p>\n<p class=\"hyperion-css-1shl3oz\" data-test-tag=\"lead-text\">Ytterligare hundratals federala agenter har beordrats till Minneapolis i amerikanska Minnesota, uppger Kristi Noem, minister f\u00f6r inrikes s\u00e4kerhet.<\/p>\n<p class=\"hyperion-css-1v9qo5x\">Syftet \u00e4r att migrationspolisen \u201dsom arbetar i Minneapolis ska kunna g\u00f6ra det p\u00e5 ett s\u00e4kert s\u00e4tt\u201d, s\u00e4ger hon till Fox News.<\/p>\n<p class=\"hyperion-css-1v9qo5x\">Beslutet strider mot viljan hos de demokratiska ledarna i staden, som kr\u00e4vt att de federala agenterna ska ge sig av. Detta sedan en 37-\u00e5rig kvinna i Minneapolis sk\u00f6ts till d\u00f6ds av en ICE-agent i onsdags.<\/p>\n<p class=\"hyperion-css-1v9qo5x\">H\u00e4ndelsen har lett till omfattande, mestadels fredliga, protester med tusentals deltagare runt om i USA. I Minneapolis har dock sammandrabbningar mellan demonstranter och federala agenter uppst\u00e5tt d\u00e4r agenterna tagit till anv\u00e4ndning av pepparsprej.<\/p>\n","protected":false},"excerpt":{"rendered":"Uppdaterad 00.56 | Publicerad 00.35 share-arrowDela unsaveSpara expand-left helsk\u00e4rmEn federal agent i Minneapolis i amerikanska Minnesota. Foto: Christopher&hellip;\n","protected":false},"author":2,"featured_media":132807,"comment_status":"","ping_status":"","sticky":false,"template":"","format":"standard","meta":{"footnotes":""},"categories":[5],"tags":[22,23,26,27,17,21,24,25,28,29,15,16,18,34,31,33,32,30,19,20],"class_list":{"0":"post-132806","1":"post","2":"type-post","3":"status-publish","4":"format-standard","5":"has-post-thumbnail","7":"category-rubriker","8":"tag-breaking-news","9":"tag-breakingnews","10":"tag-featured-news","11":"tag-featurednews","12":"tag-headlines","13":"tag-huvudnyheter","14":"tag-latest-news","15":"tag-latestnews","16":"tag-main-news","17":"tag-mainnews","18":"tag-news","19":"tag-nyheter","20":"tag-rubriker","21":"tag-se","22":"tag-svenska","23":"tag-sverige","24":"tag-sweden","25":"tag-swedish","26":"tag-top-stories","27":"tag-topstories"},"share_on_mastodon":{"url":"https:\/\/pubeurope.com\/@se\/115880436922303235","error":""},"_links":{"self":[{"href":"https:\/\/www.europesays.com\/se\/wp-json\/wp\/v2\/posts\/132806","targetHints":{"allow":["GET"]}}],"collection":[{"href":"https:\/\/www.europesays.com\/se\/wp-json\/wp\/v2\/posts"}],"about":[{"href":"https:\/\/www.europesays.com\/se\/wp-json\/wp\/v2\/types\/post"}],"author":[{"embeddable":true,"href":"https:\/\/www.europesays.com\/se\/wp-json\/wp\/v2\/users\/2"}],"replies":[{"embeddable":true,"href":"https:\/\/www.europesays.com\/se\/wp-json\/wp\/v2\/comments?post=132806"}],"version-history":[{"count":0,"href":"https:\/\/www.europesays.com\/se\/wp-json\/wp\/v2\/posts\/132806\/revisions"}],"wp:featuredmedia":[{"embeddable":true,"href":"https:\/\/www.europesays.com\/se\/wp-json\/wp\/v2\/media\/132807"}],"wp:attachment":[{"href":"https:\/\/www.europesays.com\/se\/wp-json\/wp\/v2\/media?parent=132806"}],"wp:term":[{"taxonomy":"category","embeddable":true,"href":"https:\/\/www.europesays.com\/se\/wp-json\/wp\/v2\/categories?post=132806"},{"taxonomy":"post_tag","embeddable":true,"href":"https:\/\/www.europesays.com\/se\/wp-json\/wp\/v2\/tags?post=132806"}],"curies":[{"name":"wp","href":"https:\/\/api.w.org\/{rel}","templated":true}]}}