{"id":132808,"date":"2026-01-12T05:18:07","date_gmt":"2026-01-12T05:18:07","guid":{"rendered":"https:\/\/www.europesays.com\/se\/132808\/"},"modified":"2026-01-12T05:18:07","modified_gmt":"2026-01-12T05:18:07","slug":"markus-prisas-for-kampen-mot-stress-blekinge-lans-tidning","status":"publish","type":"post","link":"https:\/\/www.europesays.com\/se\/132808\/","title":{"rendered":"Markus prisas f\u00f6r kampen mot stress \u2013 Blekinge L\u00e4ns Tidning"},"content":{"rendered":"<p>Markus Sj\u00f6sten, specialistsjuksk\u00f6terska med inriktning psykiatrisk v\u00e5rd, tog under h\u00f6sten emot ett nationellt stipendium p\u00e5 115 000 kronor av Svensk Sjuksk\u00f6terskef\u00f6rening. Han gl\u00e4ds \u00e5t summan, men tycker inte att pengarna \u00e4r det viktigaste utan att ljuset s\u00e4tts p\u00e5 den stressrelaterad oh\u00e4lsan och hur prim\u00e4rv\u00e5rden kan hj\u00e4lpa drabbade p\u00e5 b\u00e4sta s\u00e4tt med \u00e5terh\u00e4mtningen. N\u00e5got som drabbar allt fler.<\/p>\n","protected":false},"excerpt":{"rendered":"Markus Sj\u00f6sten, specialistsjuksk\u00f6terska med inriktning psykiatrisk v\u00e5rd, tog under h\u00f6sten emot ett nationellt stipendium p\u00e5 115 000 kronor&hellip;\n","protected":false},"author":2,"featured_media":132809,"comment_status":"","ping_status":"","sticky":false,"template":"","format":"standard","meta":{"footnotes":""},"categories":[69],"tags":[113,112,34,31,33,32,30],"class_list":{"0":"post-132808","1":"post","2":"type-post","3":"status-publish","4":"format-standard","5":"has-post-thumbnail","7":"category-halsa","8":"tag-halsa","9":"tag-health","10":"tag-se","11":"tag-svenska","12":"tag-sverige","13":"tag-sweden","14":"tag-swedish"},"share_on_mastodon":{"url":"https:\/\/pubeurope.com\/@se\/115880440827167128","error":""},"_links":{"self":[{"href":"https:\/\/www.europesays.com\/se\/wp-json\/wp\/v2\/posts\/132808","targetHints":{"allow":["GET"]}}],"collection":[{"href":"https:\/\/www.europesays.com\/se\/wp-json\/wp\/v2\/posts"}],"about":[{"href":"https:\/\/www.europesays.com\/se\/wp-json\/wp\/v2\/types\/post"}],"author":[{"embeddable":true,"href":"https:\/\/www.europesays.com\/se\/wp-json\/wp\/v2\/users\/2"}],"replies":[{"embeddable":true,"href":"https:\/\/www.europesays.com\/se\/wp-json\/wp\/v2\/comments?post=132808"}],"version-history":[{"count":0,"href":"https:\/\/www.europesays.com\/se\/wp-json\/wp\/v2\/posts\/132808\/revisions"}],"wp:featuredmedia":[{"embeddable":true,"href":"https:\/\/www.europesays.com\/se\/wp-json\/wp\/v2\/media\/132809"}],"wp:attachment":[{"href":"https:\/\/www.europesays.com\/se\/wp-json\/wp\/v2\/media?parent=132808"}],"wp:term":[{"taxonomy":"category","embeddable":true,"href":"https:\/\/www.europesays.com\/se\/wp-json\/wp\/v2\/categories?post=132808"},{"taxonomy":"post_tag","embeddable":true,"href":"https:\/\/www.europesays.com\/se\/wp-json\/wp\/v2\/tags?post=132808"}],"curies":[{"name":"wp","href":"https:\/\/api.w.org\/{rel}","templated":true}]}}