{"id":132815,"date":"2026-01-12T05:25:07","date_gmt":"2026-01-12T05:25:07","guid":{"rendered":"https:\/\/www.europesays.com\/se\/132815\/"},"modified":"2026-01-12T05:25:07","modified_gmt":"2026-01-12T05:25:07","slug":"paret-i-alvsbyn-utvisas-jobbade-inom-industrin-och-pa-hotell","status":"publish","type":"post","link":"https:\/\/www.europesays.com\/se\/132815\/","title":{"rendered":"Paret i \u00c4lvsbyn utvisas \u2013 jobbade inom industrin och p\u00e5 hotell"},"content":{"rendered":"<p>Elshan Amrayev och sambon Viktoria Nugmanova har bott i Sverige i sju \u00e5r. De har haft fast jobb i fem \u00e5r. Elshan kommer fr\u00e5n Azerbajdzjan, Viktoria fr\u00e5n Ryssland.<\/p>\n<p>Han arbetar inom industrin, hon i hotellbranschen. De bor i \u00c4lvsbyn d\u00e4r de ocks\u00e5 har k\u00f6pt hus.<\/p>\n<p>\u2013 Vi har gjort allt vad som har kr\u00e4vts av oss. Haft fast jobb, tillr\u00e4ckligt h\u00f6g l\u00f6n f\u00f6r att kvalificera oss f\u00f6r de h\u00f6ga kraven f\u00f6r sp\u00e5rbyte, s\u00e4ger Elshan Amrayev.<\/p>\n<p>Tre veckor att l\u00e4mna landet<\/p>\n<p>N\u00e4r de f\u00f6r\u00e4ndrade reglerna f\u00f6r sp\u00e5rbyte tr\u00e4dde i kraft v\u00e5ren 2025 f\u00f6r\u00e4ndrades allt.<\/p>\n<p>\u2013 Den 9 december fick vi veta att vi m\u00e5ste l\u00e4mna landet den 31 december.<\/p>\n<p>Elshan och hans sambo \u00f6verklagade Migrationsverkets beslut men fick avslag p\u00e5 sin \u00f6verklagan. Enligt de f\u00f6r\u00e4ndrade reglerna m\u00e5ste de \u00e5ka tillbaka till sina heml\u00e4nder f\u00f6r att ans\u00f6ka om nytt arbetstillst\u00e5nd.<\/p>\n<p>\u2013 Det kan inte vara r\u00e4tt att vi som har gjort allting r\u00e4tt, som har jobbat och betalat skatt i s\u00e5 m\u00e5nga \u00e5r ska utvisas.<\/p>\n<p><img fetchpriority=\"high\" decoding=\"async\" width=\"1024\" height=\"660\" src=\"https:\/\/www.europesays.com\/se\/wp-content\/uploads\/2026\/01\/a48edb5cac034df29287250f6bb919ff-e1767961490211.jpg\" alt=\"En person med l\u00e5ngt h\u00e5r st\u00e5r inomhus, v\u00e4nd mot ett f\u00f6nster med skira gardiner och persienner, och tittar ut p\u00e5 en sn\u00f6t\u00e4ckt byggnad - en lugn stund d\u00e5 han reflekterar \u00f6ver migration. P\u00e5 f\u00f6nsterbr\u00e4dan st\u00e5r en krukv\u00e4xt.\" class=\"wp-image-74054\"  \/>Viktoria har bott i Sverige i sju \u00e5r och haft fast jobb i fem \u00e5r. Nu m\u00e5ste hon l\u00e4mna landet p\u00e5 grund av \u00e4ndrade regler f\u00f6r sp\u00e5rbyte.<br \/>Foto: PrivatKan inte \u00e5ka tillbaka<\/p>\n<p>Att hitta ett nytt land att \u00e5ka till utanf\u00f6r EU och Schengen och att hinna s\u00e4lja huset och hitta en l\u00f6sning f\u00f6r husdjuren \u00e4r en om\u00f6jlighet att klara av p\u00e5 ett f\u00e5tal veckor.<\/p>\n<p>\u2013 Vi kan inte s\u00e4lja huset och l\u00e4mna landet p\u00e5 tre veckor. Det finns ingen svensk ambassad\u00f6r i Azerbajdzjan. Att f\u00e5 beslut om ett eventuellt nytt arbetstillst\u00e5nd d\u00e4r skulle s\u00e4kert ta minst ett \u00e5r. Min sambo kan inte \u00e5ka tillbaka till Ryssland, s\u00e4ger Elshan.<\/p>\n<p>F\u00e5r inte l\u00e4ngre jobba<br \/>\nAvskaffat sp\u00e5rbyte<\/p>\n<p>Tidigare fick m\u00e4nniskor som kom till Sverige f\u00f6r att s\u00f6ka internationellt skydd eller asyl i Sverige, v\u00e4lja om de ville ha bidrag eller fr\u00e5ns\u00e4ga sig bidraget och ist\u00e4llet f\u00f6rs\u00f6rja sig genom att jobba. Om de hann jobba minst 4 m\u00e5nader innan det att de fick ett sista laga kraftvunnet negativt beslut i asyl\u00e4rendet, hade de m\u00f6jlighet att f\u00e5 stanna om de hade ett jobb och uppfyllde vissa kriterier. Kriterierna gick kortfattat ut p\u00e5 att ha giltigt pass, r\u00e4tt l\u00f6n, r\u00e4tt f\u00f6rs\u00e4kring, l\u00f6fte om att arbeta minst ett \u00e5r till hos arbetsgivaren samt att facket fick uttala sig om att det var schyssta villkor p\u00e5 arbetsplatsen.<\/p>\n<p>Detta kallades sp\u00e5rbyte och betydde att man bytte sp\u00e5r fr\u00e5n asyl till arbetstillst\u00e5nd. Personer som gjorde en s\u00e5dan h\u00e4r ans\u00f6kan kunde f\u00e5 uppeh\u00e5llstillst\u00e5nd i max tv\u00e5 \u00e5r i f\u00f6rsta v\u00e4ndan. Sedan hade man ocks\u00e5 m\u00f6jlighet att s\u00f6ka f\u00f6rl\u00e4ngt uppeh\u00e5llstillst\u00e5nd i tv\u00e5 \u00e5r till. D\u00e4refter kunde den som ber\u00f6rdes ans\u00f6ka om permanent uppeh\u00e5llstillst\u00e5nd.\u00a0<\/p>\n<p>Men i april 2025 f\u00f6r\u00e4ndrades reglerna f\u00f6r sp\u00e5rbyte. Om det var mindre \u00e4n fyra \u00e5r sedan ens avslag p\u00e5 asylans\u00f6kan och ett beslut om att l\u00e4mna Sverige b\u00f6rjade g\u00e4lla s\u00e5 g\u00e4ller det beslutet fortfarande. Det inneb\u00e4r att beslutet om att l\u00e4mna Sverige ska genomf\u00f6ras och att man inte kan beviljas nytt eller f\u00f6rl\u00e4ngt uppeh\u00e5llstillst\u00e5nd p\u00e5 grund av arbete inifr\u00e5n Sverige. I de flesta fall inneb\u00e4r det att personer beh\u00f6ver l\u00e4mna EU-l\u00e4ndernas territorium och Schengenomr\u00e5det.<\/p>\n<p>+ Expandera\n<\/p>\n<p>Eftersom de inte har n\u00e5got arbetstillst\u00e5nd f\u00e5r de inte l\u00e4ngre arbeta. De har sparade pengar s\u00e5 att de klarar sig i tv\u00e5 till tre m\u00e5nader, sedan m\u00e5ste de hitta en l\u00f6sning.<\/p>\n<p>\u2013 Vi f\u00e5r inte jobba n\u00e5gonstans i hela EU och inte heller Schengen s\u00e5 d\u00e5 g\u00e5r det inte att jobba i Norge heller. Man blir galen av att bara sitta hemma och inte f\u00e5 jobba. Vi har gjort allting r\u00e4tt, \u00e4nd\u00e5 behandlar de oss s\u00e5 h\u00e4r, s\u00e4ger Elshan uppgivet.<\/p>\n<p>Arbetsv\u00e4rlden har s\u00f6kt migrationsminister Johan Forssell (M) som inte \u00e5terkommit.<\/p>\n","protected":false},"excerpt":{"rendered":"Elshan Amrayev och sambon Viktoria Nugmanova har bott i Sverige i sju \u00e5r. De har haft fast jobb&hellip;\n","protected":false},"author":2,"featured_media":132816,"comment_status":"","ping_status":"","sticky":false,"template":"","format":"standard","meta":{"footnotes":""},"categories":[12],"tags":[11888,22,23,26,27,17,21,24,25,28,29,15,16,18,34,11889,31,33,32,30,19,20],"class_list":{"0":"post-132815","1":"post","2":"type-post","3":"status-publish","4":"format-standard","5":"has-post-thumbnail","7":"category-sverige","8":"tag-asyl","9":"tag-breaking-news","10":"tag-breakingnews","11":"tag-featured-news","12":"tag-featurednews","13":"tag-headlines","14":"tag-huvudnyheter","15":"tag-latest-news","16":"tag-latestnews","17":"tag-main-news","18":"tag-mainnews","19":"tag-news","20":"tag-nyheter","21":"tag-rubriker","22":"tag-se","23":"tag-sparbyte","24":"tag-svenska","25":"tag-sverige","26":"tag-sweden","27":"tag-swedish","28":"tag-top-stories","29":"tag-topstories"},"share_on_mastodon":{"url":"https:\/\/pubeurope.com\/@se\/115880468331334939","error":""},"_links":{"self":[{"href":"https:\/\/www.europesays.com\/se\/wp-json\/wp\/v2\/posts\/132815","targetHints":{"allow":["GET"]}}],"collection":[{"href":"https:\/\/www.europesays.com\/se\/wp-json\/wp\/v2\/posts"}],"about":[{"href":"https:\/\/www.europesays.com\/se\/wp-json\/wp\/v2\/types\/post"}],"author":[{"embeddable":true,"href":"https:\/\/www.europesays.com\/se\/wp-json\/wp\/v2\/users\/2"}],"replies":[{"embeddable":true,"href":"https:\/\/www.europesays.com\/se\/wp-json\/wp\/v2\/comments?post=132815"}],"version-history":[{"count":0,"href":"https:\/\/www.europesays.com\/se\/wp-json\/wp\/v2\/posts\/132815\/revisions"}],"wp:featuredmedia":[{"embeddable":true,"href":"https:\/\/www.europesays.com\/se\/wp-json\/wp\/v2\/media\/132816"}],"wp:attachment":[{"href":"https:\/\/www.europesays.com\/se\/wp-json\/wp\/v2\/media?parent=132815"}],"wp:term":[{"taxonomy":"category","embeddable":true,"href":"https:\/\/www.europesays.com\/se\/wp-json\/wp\/v2\/categories?post=132815"},{"taxonomy":"post_tag","embeddable":true,"href":"https:\/\/www.europesays.com\/se\/wp-json\/wp\/v2\/tags?post=132815"}],"curies":[{"name":"wp","href":"https:\/\/api.w.org\/{rel}","templated":true}]}}