{"id":132832,"date":"2026-01-12T05:51:11","date_gmt":"2026-01-12T05:51:11","guid":{"rendered":"https:\/\/www.europesays.com\/se\/132832\/"},"modified":"2026-01-12T05:51:11","modified_gmt":"2026-01-12T05:51:11","slug":"presstraff-med-maria-malmer-stenergard-och-elina-valtonen-i-salen","status":"publish","type":"post","link":"https:\/\/www.europesays.com\/se\/132832\/","title":{"rendered":"Presstr\u00e4ff med Maria Malmer Stenergard och Elina Valtonen i S\u00e4len"},"content":{"rendered":"<p>&#13;<br \/>\nM\u00e5ndag den 12 januari h\u00e5ller utrikesminister Maria Malmer Stenergard och Finlands utrikesminister Elina Valtonen en presstr\u00e4ff i samband med Folk och F\u00f6rsvars rikskonferens i S\u00e4len. <\/p>\n<p>            &#13;<br \/>\n                <strong>Tid:<\/strong>&#13;<br \/>\n&#13;<br \/>\n        12 januari 2026 kl. 13.40<br \/>&#13;<br \/>\n&#13;<br \/>\n                <strong>Plats:<\/strong>&#13;<br \/>\nPressrummet, H\u00f6gfj\u00e4llshotellet, S\u00e4len.                 <\/p>\n<p>&#13;<br \/>\n                    <strong>Praktisk information:<\/strong>&#13;<br \/>\n                    Observera att presstr\u00e4ffen inte direkts\u00e4nds i Regeringskansliets kanaler. &#13;\n                <\/p>\n","protected":false},"excerpt":{"rendered":"&#13; M\u00e5ndag den 12 januari h\u00e5ller utrikesminister Maria Malmer Stenergard och Finlands utrikesminister Elina Valtonen en presstr\u00e4ff i&hellip;\n","protected":false},"author":2,"featured_media":67452,"comment_status":"","ping_status":"","sticky":false,"template":"","format":"standard","meta":{"footnotes":""},"categories":[12],"tags":[22,23,26,27,17,21,24,25,28,29,15,16,18,34,31,33,32,30,19,20],"class_list":{"0":"post-132832","1":"post","2":"type-post","3":"status-publish","4":"format-standard","5":"has-post-thumbnail","7":"category-sverige","8":"tag-breaking-news","9":"tag-breakingnews","10":"tag-featured-news","11":"tag-featurednews","12":"tag-headlines","13":"tag-huvudnyheter","14":"tag-latest-news","15":"tag-latestnews","16":"tag-main-news","17":"tag-mainnews","18":"tag-news","19":"tag-nyheter","20":"tag-rubriker","21":"tag-se","22":"tag-svenska","23":"tag-sverige","24":"tag-sweden","25":"tag-swedish","26":"tag-top-stories","27":"tag-topstories"},"share_on_mastodon":{"url":"https:\/\/pubeurope.com\/@se\/115880570577309811","error":""},"_links":{"self":[{"href":"https:\/\/www.europesays.com\/se\/wp-json\/wp\/v2\/posts\/132832","targetHints":{"allow":["GET"]}}],"collection":[{"href":"https:\/\/www.europesays.com\/se\/wp-json\/wp\/v2\/posts"}],"about":[{"href":"https:\/\/www.europesays.com\/se\/wp-json\/wp\/v2\/types\/post"}],"author":[{"embeddable":true,"href":"https:\/\/www.europesays.com\/se\/wp-json\/wp\/v2\/users\/2"}],"replies":[{"embeddable":true,"href":"https:\/\/www.europesays.com\/se\/wp-json\/wp\/v2\/comments?post=132832"}],"version-history":[{"count":0,"href":"https:\/\/www.europesays.com\/se\/wp-json\/wp\/v2\/posts\/132832\/revisions"}],"wp:featuredmedia":[{"embeddable":true,"href":"https:\/\/www.europesays.com\/se\/wp-json\/wp\/v2\/media\/67452"}],"wp:attachment":[{"href":"https:\/\/www.europesays.com\/se\/wp-json\/wp\/v2\/media?parent=132832"}],"wp:term":[{"taxonomy":"category","embeddable":true,"href":"https:\/\/www.europesays.com\/se\/wp-json\/wp\/v2\/categories?post=132832"},{"taxonomy":"post_tag","embeddable":true,"href":"https:\/\/www.europesays.com\/se\/wp-json\/wp\/v2\/tags?post=132832"}],"curies":[{"name":"wp","href":"https:\/\/api.w.org\/{rel}","templated":true}]}}