{"id":132854,"date":"2026-01-12T06:13:19","date_gmt":"2026-01-12T06:13:19","guid":{"rendered":"https:\/\/www.europesays.com\/se\/132854\/"},"modified":"2026-01-12T06:13:19","modified_gmt":"2026-01-12T06:13:19","slug":"rysk-miljonar-forsvunnen","status":"publish","type":"post","link":"https:\/\/www.europesays.com\/se\/132854\/","title":{"rendered":"Rysk miljon\u00e4r f\u00f6rsvunnen"},"content":{"rendered":"<p>Publicerad 12 jan 2026 kl 06.21Uppdaterad kl 06.58<\/p>\n<p>2013 f\u00e4ngslades han i Lukasjenkas KGB-f\u00e4ngelse.<\/p>\n<p>Nu \u00e4r den ryske aff\u00e4rsmannen Vladislav Baumgertner f\u00f6rsvunnen fr\u00e5n sitt hem p\u00e5 Cypern.<\/p>\n<p>Polisen v\u00e4djar till allm\u00e4nheten om tips f\u00f6r att hitta honom.<\/p>\n<p>Senaste nyhetsklippen fr\u00e5n Expressen.<img   alt=\"\"\/><\/p>\n<p>2013 f\u00e4ngslades han i Lukasjenkas KGB-f\u00e4ngelse.<br \/>\nNu \u00e4r den ryske aff\u00e4rsmannen Vladislav Baumgertner f\u00f6rsvunnen fr\u00e5n sitt hem p\u00e5 Cypern.<\/p>\n<p>Foto: STR \/ TT NYHETSBYR\u00c5N<\/p>\n<p>\u00d6ppna bild i helsk\u00e4rm<img loading=\"lazy\"   alt=\"\"\/><\/p>\n<p>Belarus diktator Aleksandr Lukasjenka.<\/p>\n<p>Foto: Sergei Bulkin \/ TT NYHETSBYR\u00c5N<\/p>\n<p>\u00d6ppna bild i helsk\u00e4rm<\/p>\n<p>Vladislav Baumgertner, 56, blev k\u00e4nd f\u00f6r Europa och v\u00e4rlden n\u00e4r han i augusti 2013 reste till Belarus i egenskap av vd f\u00f6r konstg\u00f6dself\u00f6retaget Uralkali \u2013 och greps av den belarusiska regimen. Han anklagades f\u00f6r att ha brutit mot ett avtal med det belarusiska konstg\u00f6dself\u00f6retaget Belaruskali, n\u00e5got som ska ha kostat Lukasjenkas regim stora summor pengar.<\/p>\n<p>Efter att ha landat i huvudstaden Minsk greps han av polis och kastades i Minsks KGB-f\u00e4ngelse Amerikanka. D\u00e4r tvingades han sitta i flera veckor innan han i september f\u00f6rsattes i husarest i Minsk. Samtidigt utvecklades gripandet av honom till storpolitik mellan Ryssland och Belarus, enligt <a href=\"https:\/\/www.reuters.com\/article\/world\/from-potash-powerbroker-to-minsk-prison-the-cost-of-crossing-belarus-idUSBRE98703H\/\" rel=\"nofollow noopener\" target=\"_blank\">Reuters<\/a>.<\/p>\n<p>Exakt hur mycket pengar det kostade Baumgertner, Uralkali och <a href=\"https:\/\/www.expressen.se\/tagg\/location\/ryssland\/\" class=\"\" rel=\"nofollow noopener\" target=\"_blank\">Ryssland<\/a> att k\u00f6pa loss honom fr\u00e5n belarusisk f\u00e5ngenskap \u00e4r omstritt. Men klart \u00e4r att fallet involverade diplomati p\u00e5 den h\u00f6gsta niv\u00e5n mellan l\u00e4nderna.<\/p>\n<p>I november samma \u00e5r sl\u00e4pptes Baumgertner och han till\u00e4ts \u00e5terv\u00e4nda till Moskva. Jobbet p\u00e5 Uralkali l\u00e4mnade han dock. Han rapporterades ha en fallsk\u00e4rm v\u00e4rd 70 miljoner kronor.<\/p>\n<p>F\u00f6rsvann fr\u00e5n sitt hem<\/p>\n<p>V\u00e4l hemma i Ryssland lades \u00e5talen mot honom ner 2014. D\u00e4refter har Baumgertner h\u00e5llit sig undan rampljuset, fram till nu.<\/p>\n<p><img loading=\"lazy\"   alt=\"\"\/><\/p>\n<p>Cypriotisk polis har efterlyst Baumgertner.<\/p>\n<p>Foto: Cyprus police news.<\/p>\n<p>\u00d6ppna bild i helsk\u00e4rm<\/p>\n<p>Tidigare i veckan f\u00f6rsvann han fr\u00e5n sitt hem p\u00e5 Cypern och p\u00e5 s\u00f6ndagen gick polisen ut med en efterlysning.<\/p>\n<p>\u201dPolisen efterlyser information som kan hj\u00e4lpa till att lokalisera Vladislav Baumgertner, 56 \u00e5r fr\u00e5n Ryssland, som har varit f\u00f6rsvunnen sedan 07\/01\/2026 fr\u00e5n sin bostad i Limassol.\u201d<\/p>\n<p>Polisen skriver vidare att den 56-\u00e5rige ryssen bar en svart T-shirt och svarta shorts vid sitt f\u00f6rsvinnande, och uppmanar allm\u00e4nheten till att kontakta dem om man vet n\u00e5got \u201dsom kan bidra till att hitta honom\u201d.<\/p>\n","protected":false},"excerpt":{"rendered":"Publicerad 12 jan 2026 kl 06.21Uppdaterad kl 06.58 2013 f\u00e4ngslades han i Lukasjenkas KGB-f\u00e4ngelse. Nu \u00e4r den ryske&hellip;\n","protected":false},"author":2,"featured_media":132855,"comment_status":"","ping_status":"","sticky":false,"template":"","format":"standard","meta":{"footnotes":""},"categories":[65],"tags":[72,70,71,540,13522,274,34,55,31,33,32,30],"class_list":{"0":"post-132854","1":"post","2":"type-post","3":"status-publish","4":"format-standard","5":"has-post-thumbnail","7":"category-ekonomi","8":"tag-business","9":"tag-economy","10":"tag-ekonomi","11":"tag-location-belarus","12":"tag-location-cypern","13":"tag-location-ryssland","14":"tag-se","15":"tag-sections-varlden","16":"tag-svenska","17":"tag-sverige","18":"tag-sweden","19":"tag-swedish"},"share_on_mastodon":{"url":"https:\/\/pubeurope.com\/@se\/115880657100292368","error":""},"_links":{"self":[{"href":"https:\/\/www.europesays.com\/se\/wp-json\/wp\/v2\/posts\/132854","targetHints":{"allow":["GET"]}}],"collection":[{"href":"https:\/\/www.europesays.com\/se\/wp-json\/wp\/v2\/posts"}],"about":[{"href":"https:\/\/www.europesays.com\/se\/wp-json\/wp\/v2\/types\/post"}],"author":[{"embeddable":true,"href":"https:\/\/www.europesays.com\/se\/wp-json\/wp\/v2\/users\/2"}],"replies":[{"embeddable":true,"href":"https:\/\/www.europesays.com\/se\/wp-json\/wp\/v2\/comments?post=132854"}],"version-history":[{"count":0,"href":"https:\/\/www.europesays.com\/se\/wp-json\/wp\/v2\/posts\/132854\/revisions"}],"wp:featuredmedia":[{"embeddable":true,"href":"https:\/\/www.europesays.com\/se\/wp-json\/wp\/v2\/media\/132855"}],"wp:attachment":[{"href":"https:\/\/www.europesays.com\/se\/wp-json\/wp\/v2\/media?parent=132854"}],"wp:term":[{"taxonomy":"category","embeddable":true,"href":"https:\/\/www.europesays.com\/se\/wp-json\/wp\/v2\/categories?post=132854"},{"taxonomy":"post_tag","embeddable":true,"href":"https:\/\/www.europesays.com\/se\/wp-json\/wp\/v2\/tags?post=132854"}],"curies":[{"name":"wp","href":"https:\/\/api.w.org\/{rel}","templated":true}]}}