{"id":132861,"date":"2026-01-12T06:23:32","date_gmt":"2026-01-12T06:23:32","guid":{"rendered":"https:\/\/www.europesays.com\/se\/132861\/"},"modified":"2026-01-12T06:23:32","modified_gmt":"2026-01-12T06:23:32","slug":"loneavdrag-efter-snokaos-uppror-moraliskt-tveksamt","status":"publish","type":"post","link":"https:\/\/www.europesays.com\/se\/132861\/","title":{"rendered":"L\u00f6neavdrag efter sn\u00f6kaos uppr\u00f6r: \u201dMoraliskt tveksamt\u201d"},"content":{"rendered":"<p>Arbetsgivarens policy v\u00e4cker heta k\u00e4nslor, rapporterar <a href=\"https:\/\/www.gp.se\/nyheter\/goteborg\/su-star-fast-vid-loneavdrag-personal-rasar-orattvist.10ff278d-1ab3-4a49-a0c8-93acf0bd752d\" rel=\"nofollow noopener\" target=\"_blank\">G\u00f6teborgs-Posten<\/a>.<\/p>\n<p>\u201dPersonalen k\u00e4mpar f\u00f6r att ta sig till jobbet f\u00f6r att ta hand om patienterna\u201d, skriver en anst\u00e4lld till tidningen och forts\u00e4tter: \u201dUnder tiden sitter ledningen hemma i digitalt m\u00f6te med sina kollegor och beslutar att de anst\u00e4llda bara f\u00e5r betalt f\u00f6r den tid de \u00e4r p\u00e5 sin arbetsplats\u201d.<\/p>\n<p><strong>Matilda Eriksson p\u00e5<\/strong> V\u00e5rdf\u00f6rbundet V\u00e4stra G\u00f6taland konstaterar att arbetsgivaren visserligen inte g\u00f6r arbetsr\u00e4ttsligt fel, men till\u00e4gger:\u00a0<\/p>\n<p>\u201dJu vanligare det blir att folk har m\u00f6jlighet att jobba hemifr\u00e5n, desto mer moraliskt tveksamt blir det att v\u00e5rdpersonal drabbas av l\u00f6neavdrag n\u00e4r det inte g\u00e5r att ta sig till jobbet.\u201d<\/p>\n<p>Madelene Johansson, stabsdirekt\u00f6r p\u00e5 Sahlgrenska, skriver i ett mejl till GP att sjukhuset f\u00f6ljer lagstiftningen.<\/p>\n","protected":false},"excerpt":{"rendered":"Arbetsgivarens policy v\u00e4cker heta k\u00e4nslor, rapporterar G\u00f6teborgs-Posten. \u201dPersonalen k\u00e4mpar f\u00f6r att ta sig till jobbet f\u00f6r att ta&hellip;\n","protected":false},"author":2,"featured_media":132862,"comment_status":"","ping_status":"","sticky":false,"template":"","format":"standard","meta":{"footnotes":""},"categories":[12],"tags":[22,23,26,27,17,21,24,25,28,29,15,16,18,34,31,33,32,30,19,20],"class_list":{"0":"post-132861","1":"post","2":"type-post","3":"status-publish","4":"format-standard","5":"has-post-thumbnail","7":"category-sverige","8":"tag-breaking-news","9":"tag-breakingnews","10":"tag-featured-news","11":"tag-featurednews","12":"tag-headlines","13":"tag-huvudnyheter","14":"tag-latest-news","15":"tag-latestnews","16":"tag-main-news","17":"tag-mainnews","18":"tag-news","19":"tag-nyheter","20":"tag-rubriker","21":"tag-se","22":"tag-svenska","23":"tag-sverige","24":"tag-sweden","25":"tag-swedish","26":"tag-top-stories","27":"tag-topstories"},"share_on_mastodon":{"url":"https:\/\/pubeurope.com\/@se\/115880696376991507","error":""},"_links":{"self":[{"href":"https:\/\/www.europesays.com\/se\/wp-json\/wp\/v2\/posts\/132861","targetHints":{"allow":["GET"]}}],"collection":[{"href":"https:\/\/www.europesays.com\/se\/wp-json\/wp\/v2\/posts"}],"about":[{"href":"https:\/\/www.europesays.com\/se\/wp-json\/wp\/v2\/types\/post"}],"author":[{"embeddable":true,"href":"https:\/\/www.europesays.com\/se\/wp-json\/wp\/v2\/users\/2"}],"replies":[{"embeddable":true,"href":"https:\/\/www.europesays.com\/se\/wp-json\/wp\/v2\/comments?post=132861"}],"version-history":[{"count":0,"href":"https:\/\/www.europesays.com\/se\/wp-json\/wp\/v2\/posts\/132861\/revisions"}],"wp:featuredmedia":[{"embeddable":true,"href":"https:\/\/www.europesays.com\/se\/wp-json\/wp\/v2\/media\/132862"}],"wp:attachment":[{"href":"https:\/\/www.europesays.com\/se\/wp-json\/wp\/v2\/media?parent=132861"}],"wp:term":[{"taxonomy":"category","embeddable":true,"href":"https:\/\/www.europesays.com\/se\/wp-json\/wp\/v2\/categories?post=132861"},{"taxonomy":"post_tag","embeddable":true,"href":"https:\/\/www.europesays.com\/se\/wp-json\/wp\/v2\/tags?post=132861"}],"curies":[{"name":"wp","href":"https:\/\/api.w.org\/{rel}","templated":true}]}}