{"id":132875,"date":"2026-01-12T06:44:11","date_gmt":"2026-01-12T06:44:11","guid":{"rendered":"https:\/\/www.europesays.com\/se\/132875\/"},"modified":"2026-01-12T06:44:11","modified_gmt":"2026-01-12T06:44:11","slug":"ryhs-frank-catch-release","status":"publish","type":"post","link":"https:\/\/www.europesays.com\/se\/132875\/","title":{"rendered":"Ryhs Frank &#8211; Catch &#038; Release"},"content":{"rendered":"<p>Det finns n\u00e5got befriande i att h\u00f6ra <strong>Ryhs Frank <\/strong>kliva tillbaka in i sitt eget rum med Catch &amp; Release. Efter en tids tystnad och med steget mot att arbeta mer sj\u00e4lvst\u00e4ndigt k\u00e4nns l\u00e5ten som ett tydligt avstamp, inte bara musikaliskt utan ocks\u00e5 konstn\u00e4rligt. H\u00e4r finns en k\u00e4nsla av kontroll och medvetenhet som pekar mot en artist som vet vad hon vill och som inte l\u00e4ngre beh\u00f6ver anpassa sig efter andras tempo eller riktning.<\/p>\n<p><a href=\"https:\/\/music.apple.com\/se\/playlist\/favoriter\/pl.u-b3b8RA9UZ6ZJy\" rel=\"nofollow noopener\" target=\"_blank\"><img decoding=\"async\" src=\"https:\/\/www.europesays.com\/se\/wp-content\/uploads\/2026\/01\/Banner-Apple-Music-Favoriter-2024.png\" alt=\"Popmuzik Favoriter\" class=\"lazyload\" style=\"--smush-placeholder-width: 1900px; --smush-placeholder-aspect-ratio: 1900\/1100;\"\/><\/a><\/p>\n<p>Produktionen \u00e4r avskalad men genomt\u00e4nkt, d\u00e4r varje detalj tycks ha f\u00e5tt ta sin tid. Det finns ett lugn i arrangemanget som l\u00e5ter melodin och r\u00f6sten b\u00e4ra helheten snarare \u00e4n att g\u00f6mma sig bakom stora effekter. Artisten l\u00e5ter trygg i uttrycket som om hon hittat en plats d\u00e4r hon kan vara b\u00e5de \u00e4rlig mot sig sj\u00e4lv och sj\u00e4lvklar p\u00e5 samma g\u00e5ng.<\/p>\n<p>Catch &amp; Release \u00e4r d\u00e4rf\u00f6r mer \u00e4n bara en ny singel. Den fungerar som ett statement om att styra sitt eget artisteri om att v\u00e5ga v\u00e4lja l\u00e5ngsiktighet framf\u00f6r snabba resultat. Det \u00e4r en \u00e5terkomst som k\u00e4nns mindre som en comeback och mer som en nystart p\u00e5 egna villkor.<\/p>\n","protected":false},"excerpt":{"rendered":"Det finns n\u00e5got befriande i att h\u00f6ra Ryhs Frank kliva tillbaka in i sitt eget rum med Catch&hellip;\n","protected":false},"author":2,"featured_media":132876,"comment_status":"","ping_status":"","sticky":false,"template":"","format":"standard","meta":{"footnotes":""},"categories":[67],"tags":[104,34,31,33,32,30,105],"class_list":{"0":"post-132875","1":"post","2":"type-post","3":"status-publish","4":"format-standard","5":"has-post-thumbnail","7":"category-underhallning","8":"tag-entertainment","9":"tag-se","10":"tag-svenska","11":"tag-sverige","12":"tag-sweden","13":"tag-swedish","14":"tag-underhallning"},"share_on_mastodon":{"url":"https:\/\/pubeurope.com\/@se\/115880779013641624","error":""},"_links":{"self":[{"href":"https:\/\/www.europesays.com\/se\/wp-json\/wp\/v2\/posts\/132875","targetHints":{"allow":["GET"]}}],"collection":[{"href":"https:\/\/www.europesays.com\/se\/wp-json\/wp\/v2\/posts"}],"about":[{"href":"https:\/\/www.europesays.com\/se\/wp-json\/wp\/v2\/types\/post"}],"author":[{"embeddable":true,"href":"https:\/\/www.europesays.com\/se\/wp-json\/wp\/v2\/users\/2"}],"replies":[{"embeddable":true,"href":"https:\/\/www.europesays.com\/se\/wp-json\/wp\/v2\/comments?post=132875"}],"version-history":[{"count":0,"href":"https:\/\/www.europesays.com\/se\/wp-json\/wp\/v2\/posts\/132875\/revisions"}],"wp:featuredmedia":[{"embeddable":true,"href":"https:\/\/www.europesays.com\/se\/wp-json\/wp\/v2\/media\/132876"}],"wp:attachment":[{"href":"https:\/\/www.europesays.com\/se\/wp-json\/wp\/v2\/media?parent=132875"}],"wp:term":[{"taxonomy":"category","embeddable":true,"href":"https:\/\/www.europesays.com\/se\/wp-json\/wp\/v2\/categories?post=132875"},{"taxonomy":"post_tag","embeddable":true,"href":"https:\/\/www.europesays.com\/se\/wp-json\/wp\/v2\/tags?post=132875"}],"curies":[{"name":"wp","href":"https:\/\/api.w.org\/{rel}","templated":true}]}}